{"id":291,"date":"2018-07-25T17:19:56","date_gmt":"2018-07-25T20:19:56","guid":{"rendered":"https:\/\/www.ufsm.br\/orgaos-suplementares\/ru\/2018\/07\/25\/distribuicao-para-terca-feira-dia-31-07\/"},"modified":"2018-07-25T17:19:56","modified_gmt":"2018-07-25T20:19:56","slug":"distribuicao-para-terca-feira-dia-31-07","status":"publish","type":"post","link":"https:\/\/www.ufsm.br\/orgaos-suplementares\/ru\/2018\/07\/25\/distribuicao-para-terca-feira-dia-31-07","title":{"rendered":"Distribui\u00e7\u00e3o para ter\u00e7a-feira, dia 31\/07"},"content":{"rendered":"<p style=\"text-align: justify;\"><span style=\"font-family: helvetica; font-size: 12pt;\">A Dire&ccedil;&atilde;o do RU vem informar que n&atilde;o haver&aacute; refei&ccedil;&otilde;es nos dias 01, 02 e 03 de agosto, devido &agrave; obrigatoriedade, conforme legisla&ccedil;&atilde;o vigente, da realiza&ccedil;&atilde;o de Curso de Capacita&ccedil;&atilde;o dos colaboradores, que prestam servi&ccedil;os nos RUs.<\/span><\/p>\n<p style=\"text-align: justify;\"><span style=\"font-family: helvetica; font-size: 12pt;\">Em vista disso, realizaremos uma distribui&ccedil;&atilde;o para o referido per&iacute;odo, conforme especificado abaixo:<\/span><\/p>\n<p style=\"text-align: justify;\"><span style=\"font-family: helvetica; font-size: 12pt;\">AGENDAMENTO: <strong>At&eacute; &agrave;s 9horas de sexta-feira, dia 27<\/strong>, salientando que o sistema estar&aacute; liberado a partir das 00h00 de quinta-feira, dia 26\/07.<\/span><\/p>\n<p style=\"text-align: justify;\"><strong><span style=\"font-family: helvetica; font-size: 12pt;\">RETIRADA: Dia 31\/07, ter&ccedil;a-feira:<\/span><\/strong><\/p>\n<p style=\"text-align: justify;\"><span style=\"font-family: helvetica; font-size: 12pt;\"><em><strong>RU CAMPUS I: <span style=\"text-decoration: underline;\">Das 14 &agrave;s 15h<\/span><\/strong><\/em><\/span><\/p>\n<p style=\"text-align: justify;\"><strong><span style=\"font-family: helvetica; font-size: 12pt;\">RU CENTRO: Das 16h30 &agrave;s 17h30.<\/span><\/strong><\/p>\n<p style=\"text-align: justify;\"><span style=\"font-family: helvetica; font-size: 12pt;\">Problemas com o agendamento, procurar a secretaria do RU.<\/span><\/p>\n","protected":false},"excerpt":{"rendered":"<p>A Dire&ccedil;&atilde;o do RU vem informar que n&atilde;o haver&aacute; refei&ccedil;&otilde;es nos dias 01, 02 e 03 de agosto, devido &agrave; obrigatoriedade, conforme legisla&ccedil;&atilde;o vigente, da realiza&ccedil;&atilde;o de Curso de Capacita&ccedil;&atilde;o dos colaboradores, que prestam servi&ccedil;os nos RUs. Em vista disso, realizaremos uma distribui&ccedil;&atilde;o para o referido per&iacute;odo, conforme especificado abaixo: AGENDAMENTO: At&eacute; &agrave;s 9horas de [&hellip;]<\/p>\n","protected":false},"author":25,"featured_media":0,"comment_status":"closed","ping_status":"closed","sticky":false,"template":"","format":"standard","meta":{"footnotes":""},"categories":[1],"tags":[],"class_list":["post-291","post","type-post","status-publish","format-standard","hentry","category-noticias"],"acf":[],"_links":{"self":[{"href":"https:\/\/www.ufsm.br\/orgaos-suplementares\/ru\/wp-json\/wp\/v2\/posts\/291","targetHints":{"allow":["GET"]}}],"collection":[{"href":"https:\/\/www.ufsm.br\/orgaos-suplementares\/ru\/wp-json\/wp\/v2\/posts"}],"about":[{"href":"https:\/\/www.ufsm.br\/orgaos-suplementares\/ru\/wp-json\/wp\/v2\/types\/post"}],"author":[{"embeddable":true,"href":"https:\/\/www.ufsm.br\/orgaos-suplementares\/ru\/wp-json\/wp\/v2\/users\/25"}],"replies":[{"embeddable":true,"href":"https:\/\/www.ufsm.br\/orgaos-suplementares\/ru\/wp-json\/wp\/v2\/comments?post=291"}],"version-history":[{"count":0,"href":"https:\/\/www.ufsm.br\/orgaos-suplementares\/ru\/wp-json\/wp\/v2\/posts\/291\/revisions"}],"wp:attachment":[{"href":"https:\/\/www.ufsm.br\/orgaos-suplementares\/ru\/wp-json\/wp\/v2\/media?parent=291"}],"wp:term":[{"taxonomy":"category","embeddable":true,"href":"https:\/\/www.ufsm.br\/orgaos-suplementares\/ru\/wp-json\/wp\/v2\/categories?post=291"},{"taxonomy":"post_tag","embeddable":true,"href":"https:\/\/www.ufsm.br\/orgaos-suplementares\/ru\/wp-json\/wp\/v2\/tags?post=291"}],"curies":[{"name":"wp","href":"https:\/\/api.w.org\/{rel}","templated":true}]}}