{"id":297,"date":"2018-08-24T15:08:29","date_gmt":"2018-08-24T18:08:29","guid":{"rendered":"https:\/\/www.ufsm.br\/orgaos-suplementares\/ru\/2018\/08\/24\/novos-prazos-de-agendamento-e-cancelamento-das-refeicoes-comecam-a-vigorar-a-partir-de-segunda-feira\/"},"modified":"2018-08-24T15:08:29","modified_gmt":"2018-08-24T18:08:29","slug":"novos-prazos-de-agendamento-e-cancelamento-das-refeicoes-comecam-a-vigorar-a-partir-de-segunda-feira","status":"publish","type":"post","link":"https:\/\/www.ufsm.br\/orgaos-suplementares\/ru\/2018\/08\/24\/novos-prazos-de-agendamento-e-cancelamento-das-refeicoes-comecam-a-vigorar-a-partir-de-segunda-feira","title":{"rendered":"Novos prazos de agendamento e cancelamento das refei\u00e7\u00f5es come\u00e7am a vigorar a partir de segunda-feira"},"content":{"rendered":"<p style=\"text-align: justify;\"><span style=\"font-family: helvetica; font-size: 12pt;\">A Dire&ccedil;&atilde;o do RU informa que, a partir de segunda-feira (27), come&ccedil;am a vigorar os novos prazos de agendamento e cancelamento das refei&ccedil;&otilde;es, salientando que o prazo de agendamento e cancelamento da distribui&ccedil;&atilde;o de g&ecirc;neros aliment&iacute;cios n&atilde;o sofrer&aacute; altera&ccedil;&otilde;es.<\/span>&nbsp;<\/p>\n<p><img fetchpriority=\"high\" decoding=\"async\" src=\"images\/Post_hor&aacute;rios_1.png\" alt=\"Post_hor&aacute;rios_1.png\" width=\"565\" height=\"598\" style=\"display: block; margin-left: auto; margin-right: auto;\" \/><\/p>\n","protected":false},"excerpt":{"rendered":"<p>A Dire&ccedil;&atilde;o do RU informa que, a partir de segunda-feira (27), come&ccedil;am a vigorar os novos prazos de agendamento e cancelamento das refei&ccedil;&otilde;es, salientando que o prazo de agendamento e cancelamento da distribui&ccedil;&atilde;o de g&ecirc;neros aliment&iacute;cios n&atilde;o sofrer&aacute; altera&ccedil;&otilde;es.&nbsp;<\/p>\n","protected":false},"author":25,"featured_media":0,"comment_status":"closed","ping_status":"closed","sticky":false,"template":"","format":"standard","meta":{"footnotes":""},"categories":[1],"tags":[],"class_list":["post-297","post","type-post","status-publish","format-standard","hentry","category-noticias"],"acf":[],"_links":{"self":[{"href":"https:\/\/www.ufsm.br\/orgaos-suplementares\/ru\/wp-json\/wp\/v2\/posts\/297","targetHints":{"allow":["GET"]}}],"collection":[{"href":"https:\/\/www.ufsm.br\/orgaos-suplementares\/ru\/wp-json\/wp\/v2\/posts"}],"about":[{"href":"https:\/\/www.ufsm.br\/orgaos-suplementares\/ru\/wp-json\/wp\/v2\/types\/post"}],"author":[{"embeddable":true,"href":"https:\/\/www.ufsm.br\/orgaos-suplementares\/ru\/wp-json\/wp\/v2\/users\/25"}],"replies":[{"embeddable":true,"href":"https:\/\/www.ufsm.br\/orgaos-suplementares\/ru\/wp-json\/wp\/v2\/comments?post=297"}],"version-history":[{"count":0,"href":"https:\/\/www.ufsm.br\/orgaos-suplementares\/ru\/wp-json\/wp\/v2\/posts\/297\/revisions"}],"wp:attachment":[{"href":"https:\/\/www.ufsm.br\/orgaos-suplementares\/ru\/wp-json\/wp\/v2\/media?parent=297"}],"wp:term":[{"taxonomy":"category","embeddable":true,"href":"https:\/\/www.ufsm.br\/orgaos-suplementares\/ru\/wp-json\/wp\/v2\/categories?post=297"},{"taxonomy":"post_tag","embeddable":true,"href":"https:\/\/www.ufsm.br\/orgaos-suplementares\/ru\/wp-json\/wp\/v2\/tags?post=297"}],"curies":[{"name":"wp","href":"https:\/\/api.w.org\/{rel}","templated":true}]}}