{"id":299,"date":"2018-08-31T13:02:25","date_gmt":"2018-08-31T16:02:25","guid":{"rendered":"https:\/\/www.ufsm.br\/orgaos-suplementares\/ru\/2018\/08\/31\/a-partir-do-dia-12-de-setembro-nao-sera-permitido-realizar-refeicoes-sem-agendamento\/"},"modified":"2018-08-31T13:02:25","modified_gmt":"2018-08-31T16:02:25","slug":"a-partir-do-dia-12-de-setembro-nao-sera-permitido-realizar-refeicoes-sem-agendamento","status":"publish","type":"post","link":"https:\/\/www.ufsm.br\/orgaos-suplementares\/ru\/2018\/08\/31\/a-partir-do-dia-12-de-setembro-nao-sera-permitido-realizar-refeicoes-sem-agendamento","title":{"rendered":"A partir do dia 12 de setembro, n\u00e3o ser\u00e1 permitido realizar refei\u00e7\u00f5es sem agendamento"},"content":{"rendered":"<p style=\"text-align: justify;\"><span style=\"font-family: helvetica; font-size: 12pt;\">A Dire&ccedil;&atilde;o do RU informa que, a partir do dia 12 de setembro, n&atilde;o ser&aacute; permitido realizar refei&ccedil;&otilde;es sem agendamento nas unidades RU Campus I, RU Campus II e RU Centro. O agendamento das refei&ccedil;&otilde;es deve ser realizado por todos os usu&aacute;rios, independentemente do tipo de benef&iacute;cio. <\/span><\/p>\n<p style=\"text-align: justify;\"><span style=\"font-family: helvetica; font-size: 12pt;\">A Dire&ccedil;&atilde;o salienta que, t&atilde;o importante quanto o agendamento, ser&aacute; o cancelamento da refei&ccedil;&atilde;o. &Eacute; preciso ter a mesma aten&ccedil;&atilde;o em cancelar o agendamento, para o fiel planejamento do RU.<\/span><\/p>\n<p style=\"text-align: justify;\"><span style=\"font-family: helvetica; font-size: 12pt;\">O agendamento e cancelamento obrigat&oacute;rios visam a redu&ccedil;&atilde;o de desperd&iacute;cio de alimentos e economia de recursos p&uacute;blicos.&nbsp;<\/span><\/p>\n<p style=\"text-align: justify;\"><span style=\"font-family: helvetica; font-size: 12pt;\">O agendamento e cancelamento das refei&ccedil;&otilde;es s&atilde;o realizados online, no Portal RU ou aplicativo UFSM Digital.<\/span><\/p>\n<p style=\"text-align: justify;\"><span style=\"font-family: helvetica; font-size: 16px; text-align: justify;\">Qualquer d&uacute;vida o usu&aacute;rio poder&aacute; procurar a secretaria do RU ou pelo fone (55) 3220-8405 ou ainda pelo e-mail secretaria.ru@ufsm.br<\/span><\/p>\n<p><span style=\"font-family: helvetica; font-size: 12pt;\"><a href=\"https:\/\/www.ufsm.br\/orgaos-suplementares\/ru\/wp-content\/uploads\/sites\/398\/2018\/08\/OS_004_2018_PRAE.pdf\">Ordem de Servi&ccedil;o n. 004\/2018 &#8211; PRAE<\/a><\/span><\/p>\n","protected":false},"excerpt":{"rendered":"<p>A Dire&ccedil;&atilde;o do RU informa que, a partir do dia 12 de setembro, n&atilde;o ser&aacute; permitido realizar refei&ccedil;&otilde;es sem agendamento nas unidades RU Campus I, RU Campus II e RU Centro. O agendamento das refei&ccedil;&otilde;es deve ser realizado por todos os usu&aacute;rios, independentemente do tipo de benef&iacute;cio. A Dire&ccedil;&atilde;o salienta que, t&atilde;o importante quanto o [&hellip;]<\/p>\n","protected":false},"author":25,"featured_media":0,"comment_status":"closed","ping_status":"closed","sticky":false,"template":"","format":"standard","meta":{"footnotes":""},"categories":[1],"tags":[],"class_list":["post-299","post","type-post","status-publish","format-standard","hentry","category-noticias"],"acf":[],"_links":{"self":[{"href":"https:\/\/www.ufsm.br\/orgaos-suplementares\/ru\/wp-json\/wp\/v2\/posts\/299","targetHints":{"allow":["GET"]}}],"collection":[{"href":"https:\/\/www.ufsm.br\/orgaos-suplementares\/ru\/wp-json\/wp\/v2\/posts"}],"about":[{"href":"https:\/\/www.ufsm.br\/orgaos-suplementares\/ru\/wp-json\/wp\/v2\/types\/post"}],"author":[{"embeddable":true,"href":"https:\/\/www.ufsm.br\/orgaos-suplementares\/ru\/wp-json\/wp\/v2\/users\/25"}],"replies":[{"embeddable":true,"href":"https:\/\/www.ufsm.br\/orgaos-suplementares\/ru\/wp-json\/wp\/v2\/comments?post=299"}],"version-history":[{"count":0,"href":"https:\/\/www.ufsm.br\/orgaos-suplementares\/ru\/wp-json\/wp\/v2\/posts\/299\/revisions"}],"wp:attachment":[{"href":"https:\/\/www.ufsm.br\/orgaos-suplementares\/ru\/wp-json\/wp\/v2\/media?parent=299"}],"wp:term":[{"taxonomy":"category","embeddable":true,"href":"https:\/\/www.ufsm.br\/orgaos-suplementares\/ru\/wp-json\/wp\/v2\/categories?post=299"},{"taxonomy":"post_tag","embeddable":true,"href":"https:\/\/www.ufsm.br\/orgaos-suplementares\/ru\/wp-json\/wp\/v2\/tags?post=299"}],"curies":[{"name":"wp","href":"https:\/\/api.w.org\/{rel}","templated":true}]}}