{"id":311,"date":"2018-10-25T19:51:21","date_gmt":"2018-10-25T22:51:21","guid":{"rendered":"https:\/\/www.ufsm.br\/orgaos-suplementares\/ru\/2018\/10\/25\/ru-centro-nao-servira-refeicoes-sexta-e-sabado\/"},"modified":"2018-10-25T19:51:21","modified_gmt":"2018-10-25T22:51:21","slug":"ru-centro-nao-servira-refeicoes-sexta-e-sabado","status":"publish","type":"post","link":"https:\/\/www.ufsm.br\/orgaos-suplementares\/ru\/2018\/10\/25\/ru-centro-nao-servira-refeicoes-sexta-e-sabado","title":{"rendered":"RU Centro n\u00e3o servir\u00e1 refei\u00e7\u00f5es sexta e s\u00e1bado"},"content":{"rendered":"<p style=\"text-align: justify;\"><span style=\"font-family: helvetica; font-size: 12pt;\">Em virtude do problema ocorrido no pr&eacute;dio da antiga reitoria, que, al&eacute;m dos Bombeiros, tamb&eacute;m foi interditado pela Pol&iacute;cia Federal, e recebemos o comunicado que at&eacute; amanh&atilde;, &agrave; tarde, no m&iacute;nimo, o pr&eacute;dio n&atilde;o ser&aacute; liberado, n&atilde;o ser&aacute; poss&iacute;vel servir refei&ccedil;&otilde;es nesta sexta-feira e s&aacute;bado, tendo em vista que, a partir da libera&ccedil;&atilde;o do pr&eacute;dio, dever&aacute; ser realizada higieniza&ccedil;&atilde;o de toda &aacute;rea, equipamentos e utens&iacute;lios do RU.<\/span><\/p>\n<p style=\"text-align: justify;\"><span style=\"font-family: helvetica; font-size: 12pt;\">Salientamos que quem quiser, poder&aacute; vir fazer a refei&ccedil;&atilde;o no RU Campus I, mediante agendamento.<\/span><\/p>\n<p style=\"text-align: justify;\"><span style=\"font-family: helvetica; font-size: 12pt;\">Ser&aacute; feita distribui&ccedil;&atilde;o de g&ecirc;neros para moradores da casa, no s&aacute;bado de manh&atilde;.<\/span><\/p>\n<p style=\"text-align: justify;\"><span style=\"font-family: helvetica; font-size: 12pt;\">Maiores informa&ccedil;&otilde;es pelo e-mail <a href=\"mailto:secretaria.ru@ufsm.br\">secretaria.ru@ufsm.br<\/a>&nbsp;ou pelo telefone (55) 32208405.<\/span><\/p>\n<p>&nbsp;<\/p>\n","protected":false},"excerpt":{"rendered":"<p>Em virtude do problema ocorrido no pr&eacute;dio da antiga reitoria, que, al&eacute;m dos Bombeiros, tamb&eacute;m foi interditado pela Pol&iacute;cia Federal, e recebemos o comunicado que at&eacute; amanh&atilde;, &agrave; tarde, no m&iacute;nimo, o pr&eacute;dio n&atilde;o ser&aacute; liberado, n&atilde;o ser&aacute; poss&iacute;vel servir refei&ccedil;&otilde;es nesta sexta-feira e s&aacute;bado, tendo em vista que, a partir da libera&ccedil;&atilde;o do pr&eacute;dio, [&hellip;]<\/p>\n","protected":false},"author":25,"featured_media":0,"comment_status":"closed","ping_status":"closed","sticky":false,"template":"","format":"standard","meta":{"footnotes":""},"categories":[1],"tags":[],"class_list":["post-311","post","type-post","status-publish","format-standard","hentry","category-noticias"],"acf":[],"_links":{"self":[{"href":"https:\/\/www.ufsm.br\/orgaos-suplementares\/ru\/wp-json\/wp\/v2\/posts\/311","targetHints":{"allow":["GET"]}}],"collection":[{"href":"https:\/\/www.ufsm.br\/orgaos-suplementares\/ru\/wp-json\/wp\/v2\/posts"}],"about":[{"href":"https:\/\/www.ufsm.br\/orgaos-suplementares\/ru\/wp-json\/wp\/v2\/types\/post"}],"author":[{"embeddable":true,"href":"https:\/\/www.ufsm.br\/orgaos-suplementares\/ru\/wp-json\/wp\/v2\/users\/25"}],"replies":[{"embeddable":true,"href":"https:\/\/www.ufsm.br\/orgaos-suplementares\/ru\/wp-json\/wp\/v2\/comments?post=311"}],"version-history":[{"count":0,"href":"https:\/\/www.ufsm.br\/orgaos-suplementares\/ru\/wp-json\/wp\/v2\/posts\/311\/revisions"}],"wp:attachment":[{"href":"https:\/\/www.ufsm.br\/orgaos-suplementares\/ru\/wp-json\/wp\/v2\/media?parent=311"}],"wp:term":[{"taxonomy":"category","embeddable":true,"href":"https:\/\/www.ufsm.br\/orgaos-suplementares\/ru\/wp-json\/wp\/v2\/categories?post=311"},{"taxonomy":"post_tag","embeddable":true,"href":"https:\/\/www.ufsm.br\/orgaos-suplementares\/ru\/wp-json\/wp\/v2\/tags?post=311"}],"curies":[{"name":"wp","href":"https:\/\/api.w.org\/{rel}","templated":true}]}}