{"id":316,"date":"2018-11-21T12:32:59","date_gmt":"2018-11-21T14:32:59","guid":{"rendered":"https:\/\/www.ufsm.br\/orgaos-suplementares\/ru\/2018\/11\/21\/ru-centro-nao-atendera-mais-aos-sabados\/"},"modified":"2018-11-21T12:32:59","modified_gmt":"2018-11-21T14:32:59","slug":"ru-centro-nao-atendera-mais-aos-sabados","status":"publish","type":"post","link":"https:\/\/www.ufsm.br\/orgaos-suplementares\/ru\/2018\/11\/21\/ru-centro-nao-atendera-mais-aos-sabados","title":{"rendered":"RU Centro n\u00e3o atender\u00e1 mais aos s\u00e1bados"},"content":{"rendered":"<p style=\"text-align: justify;\"><span style=\"font-family: helvetica; font-size: 12pt;\">Em decis&atilde;o conjunta do Restaurante Universit&aacute;rio, PRAE e Diretoria da CEU I, o RU Centro n&atilde;o servir&aacute; mais refei&ccedil;&otilde;es aos s&aacute;bados a partir do dia 24\/11. A Distribui&ccedil;&atilde;o para os moradores da CEU I ser&aacute; realizada &agrave;s sextas-feiras, entre 16h30min e 17h30min, e valer&aacute; para o s&aacute;bado e domingo.<\/span><\/p>\n<p style=\"text-align: justify;\"><span style=\"font-family: helvetica; font-size: 12pt;\">Os alunos que eventualmente n&atilde;o puderem retirar a distribui&ccedil;&atilde;o neste hor&aacute;rio poder&atilde;o retirar no hor&aacute;rio da janta.<\/span><\/p>\n<p style=\"text-align: justify;\"><span style=\"font-family: helvetica; font-size: 12pt;\">Os agendamentos que tinham sido feitos para este s&aacute;bado, 24\/11, ser&atilde;o automaticamente transferidos para a sexta-feira (23\/11).<\/span><\/p>\n","protected":false},"excerpt":{"rendered":"<p>Em decis&atilde;o conjunta do Restaurante Universit&aacute;rio, PRAE e Diretoria da CEU I, o RU Centro n&atilde;o servir&aacute; mais refei&ccedil;&otilde;es aos s&aacute;bados a partir do dia 24\/11. A Distribui&ccedil;&atilde;o para os moradores da CEU I ser&aacute; realizada &agrave;s sextas-feiras, entre 16h30min e 17h30min, e valer&aacute; para o s&aacute;bado e domingo. Os alunos que eventualmente n&atilde;o puderem [&hellip;]<\/p>\n","protected":false},"author":25,"featured_media":0,"comment_status":"closed","ping_status":"closed","sticky":false,"template":"","format":"standard","meta":{"footnotes":""},"categories":[1],"tags":[],"class_list":["post-316","post","type-post","status-publish","format-standard","hentry","category-noticias"],"acf":[],"_links":{"self":[{"href":"https:\/\/www.ufsm.br\/orgaos-suplementares\/ru\/wp-json\/wp\/v2\/posts\/316","targetHints":{"allow":["GET"]}}],"collection":[{"href":"https:\/\/www.ufsm.br\/orgaos-suplementares\/ru\/wp-json\/wp\/v2\/posts"}],"about":[{"href":"https:\/\/www.ufsm.br\/orgaos-suplementares\/ru\/wp-json\/wp\/v2\/types\/post"}],"author":[{"embeddable":true,"href":"https:\/\/www.ufsm.br\/orgaos-suplementares\/ru\/wp-json\/wp\/v2\/users\/25"}],"replies":[{"embeddable":true,"href":"https:\/\/www.ufsm.br\/orgaos-suplementares\/ru\/wp-json\/wp\/v2\/comments?post=316"}],"version-history":[{"count":0,"href":"https:\/\/www.ufsm.br\/orgaos-suplementares\/ru\/wp-json\/wp\/v2\/posts\/316\/revisions"}],"wp:attachment":[{"href":"https:\/\/www.ufsm.br\/orgaos-suplementares\/ru\/wp-json\/wp\/v2\/media?parent=316"}],"wp:term":[{"taxonomy":"category","embeddable":true,"href":"https:\/\/www.ufsm.br\/orgaos-suplementares\/ru\/wp-json\/wp\/v2\/categories?post=316"},{"taxonomy":"post_tag","embeddable":true,"href":"https:\/\/www.ufsm.br\/orgaos-suplementares\/ru\/wp-json\/wp\/v2\/tags?post=316"}],"curies":[{"name":"wp","href":"https:\/\/api.w.org\/{rel}","templated":true}]}}