{"id":323,"date":"2018-12-20T10:28:01","date_gmt":"2018-12-20T12:28:01","guid":{"rendered":"https:\/\/www.ufsm.br\/orgaos-suplementares\/ru\/2018\/12\/20\/orientacao-para-retirada-da-distribuicao-do-dia-20-12\/"},"modified":"2018-12-20T10:28:01","modified_gmt":"2018-12-20T12:28:01","slug":"orientacao-para-retirada-da-distribuicao-do-dia-20-12","status":"publish","type":"post","link":"https:\/\/www.ufsm.br\/orgaos-suplementares\/ru\/2018\/12\/20\/orientacao-para-retirada-da-distribuicao-do-dia-20-12","title":{"rendered":"Orienta\u00e7\u00e3o para retirada da distribui\u00e7\u00e3o do dia 20\/12"},"content":{"rendered":"<p><span style=\"font-size: 12pt; font-family: helvetica;\">Devido &agrave; grande quantidade de itens que ser&atilde;o fornecidos na distribui&ccedil;&atilde;o do dia 20\/12 (referente a 13 dias), salientamos a necessidade dos usu&aacute;rios de trazerem bastantes sacolas ou mochilas para que consigam levar os alimentos.<\/span><\/p>\n<p><span style=\"font-size: 12pt; font-family: helvetica;\">Relembrando que o hor&aacute;rio da distribui&ccedil;&atilde;o ser&aacute; das 15h &agrave;s 16h no RU Campus I e das 16h30min &agrave;s 17h30min no RU Centro.<\/span><\/p>\n","protected":false},"excerpt":{"rendered":"<p>Devido &agrave; grande quantidade de itens que ser&atilde;o fornecidos na distribui&ccedil;&atilde;o do dia 20\/12 (referente a 13 dias), salientamos a necessidade dos usu&aacute;rios de trazerem bastantes sacolas ou mochilas para que consigam levar os alimentos. Relembrando que o hor&aacute;rio da distribui&ccedil;&atilde;o ser&aacute; das 15h &agrave;s 16h no RU Campus I e das 16h30min &agrave;s 17h30min [&hellip;]<\/p>\n","protected":false},"author":25,"featured_media":0,"comment_status":"closed","ping_status":"closed","sticky":false,"template":"","format":"standard","meta":{"footnotes":""},"categories":[1],"tags":[],"class_list":["post-323","post","type-post","status-publish","format-standard","hentry","category-noticias"],"acf":[],"_links":{"self":[{"href":"https:\/\/www.ufsm.br\/orgaos-suplementares\/ru\/wp-json\/wp\/v2\/posts\/323","targetHints":{"allow":["GET"]}}],"collection":[{"href":"https:\/\/www.ufsm.br\/orgaos-suplementares\/ru\/wp-json\/wp\/v2\/posts"}],"about":[{"href":"https:\/\/www.ufsm.br\/orgaos-suplementares\/ru\/wp-json\/wp\/v2\/types\/post"}],"author":[{"embeddable":true,"href":"https:\/\/www.ufsm.br\/orgaos-suplementares\/ru\/wp-json\/wp\/v2\/users\/25"}],"replies":[{"embeddable":true,"href":"https:\/\/www.ufsm.br\/orgaos-suplementares\/ru\/wp-json\/wp\/v2\/comments?post=323"}],"version-history":[{"count":0,"href":"https:\/\/www.ufsm.br\/orgaos-suplementares\/ru\/wp-json\/wp\/v2\/posts\/323\/revisions"}],"wp:attachment":[{"href":"https:\/\/www.ufsm.br\/orgaos-suplementares\/ru\/wp-json\/wp\/v2\/media?parent=323"}],"wp:term":[{"taxonomy":"category","embeddable":true,"href":"https:\/\/www.ufsm.br\/orgaos-suplementares\/ru\/wp-json\/wp\/v2\/categories?post=323"},{"taxonomy":"post_tag","embeddable":true,"href":"https:\/\/www.ufsm.br\/orgaos-suplementares\/ru\/wp-json\/wp\/v2\/tags?post=323"}],"curies":[{"name":"wp","href":"https:\/\/api.w.org\/{rel}","templated":true}]}}