{"id":327,"date":"2019-01-29T13:35:36","date_gmt":"2019-01-29T15:35:36","guid":{"rendered":"https:\/\/www.ufsm.br\/orgaos-suplementares\/ru\/2019\/01\/29\/paralisacao-do-dia-06-02\/"},"modified":"2019-01-29T13:35:36","modified_gmt":"2019-01-29T15:35:36","slug":"paralisacao-do-dia-06-02","status":"publish","type":"post","link":"https:\/\/www.ufsm.br\/orgaos-suplementares\/ru\/2019\/01\/29\/paralisacao-do-dia-06-02","title":{"rendered":"Distribui\u00e7\u00e3o programada para ter\u00e7a-feira (05\/02), para o almo\u00e7o de quarta-feira"},"content":{"rendered":"<p><span style=\"font-family: helvetica; font-size: 12pt;\">O RU informa que, devido a Paralisa&ccedil;&atilde;o dos servidores T&eacute;cnico-administrativos, marcada para a pr&oacute;xima quarta-feira (06\/02), n&atilde;o ser&atilde;o servidas refei&ccedil;&otilde;es nos RUs. Ser&aacute; realizada distribui&ccedil;&atilde;o na ter&ccedil;a-feira (05\/02), para o almo&ccedil;o da quarta. O agendamento dever&aacute; ser feito at&eacute; as 9h de segunda (04\/02).<\/span><\/p>\n<p><span style=\"font-family: helvetica; font-size: 12pt;\"><\/span><\/p>\n<p><span style=\"font-family: helvetica; font-size: 12pt;\">Retirada:<\/span><\/p>\n<p style=\"padding-left: 30px;\"><span style=\"font-family: helvetica; font-size: 12pt;\">-RU Campus I: 15h at&eacute; 16h<\/span><\/p>\n<p style=\"padding-left: 30px;\"><span style=\"font-family: helvetica; font-size: 12pt;\">-RU Centro: 16h30 at&eacute; 17h30<\/span><\/p>\n<p><span style=\"font-family: helvetica; font-size: 12pt;\"><\/span><\/p>\n<p><span style=\"font-family: helvetica; font-size: 12pt;\">Qualquer d&uacute;vida entrar em contato com a secretaria do Restaurante.<\/span><\/p>\n<p><span style=\"font-family: helvetica; font-size: 12pt;\"><\/span><\/p>\n<p><span style=\"font-family: helvetica; font-size: 12pt;\"><a href=\"http:\/\/assufsm.ufsm.br\/noticias\/1585-assembleia-da-assufsm-define-paralisacao-para-dia-06-02\">http:\/\/assufsm.ufsm.br\/noticias\/1585-assembleia-da-assufsm-define-paralisacao-para-dia-06-02<\/a><\/span><\/p>\n","protected":false},"excerpt":{"rendered":"<p>O RU informa que, devido a Paralisa&ccedil;&atilde;o dos servidores T&eacute;cnico-administrativos, marcada para a pr&oacute;xima quarta-feira (06\/02), n&atilde;o ser&atilde;o servidas refei&ccedil;&otilde;es nos RUs. Ser&aacute; realizada distribui&ccedil;&atilde;o na ter&ccedil;a-feira (05\/02), para o almo&ccedil;o da quarta. O agendamento dever&aacute; ser feito at&eacute; as 9h de segunda (04\/02). Retirada: -RU Campus I: 15h at&eacute; 16h -RU Centro: 16h30 at&eacute; [&hellip;]<\/p>\n","protected":false},"author":25,"featured_media":0,"comment_status":"closed","ping_status":"closed","sticky":false,"template":"","format":"standard","meta":{"footnotes":""},"categories":[1],"tags":[],"class_list":["post-327","post","type-post","status-publish","format-standard","hentry","category-noticias"],"acf":[],"_links":{"self":[{"href":"https:\/\/www.ufsm.br\/orgaos-suplementares\/ru\/wp-json\/wp\/v2\/posts\/327","targetHints":{"allow":["GET"]}}],"collection":[{"href":"https:\/\/www.ufsm.br\/orgaos-suplementares\/ru\/wp-json\/wp\/v2\/posts"}],"about":[{"href":"https:\/\/www.ufsm.br\/orgaos-suplementares\/ru\/wp-json\/wp\/v2\/types\/post"}],"author":[{"embeddable":true,"href":"https:\/\/www.ufsm.br\/orgaos-suplementares\/ru\/wp-json\/wp\/v2\/users\/25"}],"replies":[{"embeddable":true,"href":"https:\/\/www.ufsm.br\/orgaos-suplementares\/ru\/wp-json\/wp\/v2\/comments?post=327"}],"version-history":[{"count":0,"href":"https:\/\/www.ufsm.br\/orgaos-suplementares\/ru\/wp-json\/wp\/v2\/posts\/327\/revisions"}],"wp:attachment":[{"href":"https:\/\/www.ufsm.br\/orgaos-suplementares\/ru\/wp-json\/wp\/v2\/media?parent=327"}],"wp:term":[{"taxonomy":"category","embeddable":true,"href":"https:\/\/www.ufsm.br\/orgaos-suplementares\/ru\/wp-json\/wp\/v2\/categories?post=327"},{"taxonomy":"post_tag","embeddable":true,"href":"https:\/\/www.ufsm.br\/orgaos-suplementares\/ru\/wp-json\/wp\/v2\/tags?post=327"}],"curies":[{"name":"wp","href":"https:\/\/api.w.org\/{rel}","templated":true}]}}