{"id":328,"date":"2019-01-29T13:49:04","date_gmt":"2019-01-29T15:49:04","guid":{"rendered":"https:\/\/www.ufsm.br\/orgaos-suplementares\/ru\/2019\/01\/29\/agendamento-para-a-distribuicao-do-dia-08-02\/"},"modified":"2019-03-27T14:29:58","modified_gmt":"2019-03-27T17:29:58","slug":"agendamento-para-a-distribuicao-do-dia-08-02","status":"publish","type":"post","link":"https:\/\/www.ufsm.br\/orgaos-suplementares\/ru\/2019\/01\/29\/agendamento-para-a-distribuicao-do-dia-08-02","title":{"rendered":"Agendamento para a distribui\u00e7\u00e3o do dia 08\/02"},"content":{"rendered":"<p><span style=\"font-family: helvetica;font-size: 12pt\">Em virtude da paralisa\u00e7\u00e3o dos servidores t\u00e9cnico-administrativos marcada para o dia 06\/02, o agendamento para a distribui\u00e7\u00e3o do dia 08\/02 (sexta-feira) dever\u00e1 ser feito at\u00e9 as 09h de ter\u00e7a-feira (05\/02).<\/span><\/p>\n<p><span style=\"font-family: helvetica;font-size: 12pt\">Retirada:<\/span><\/p>\n<p style=\"padding-left: 30px\"><span style=\"font-family: helvetica;font-size: 12pt\">-RU Campus I: 15h at\u00e9 16h<\/span><\/p>\n<p style=\"padding-left: 30px\"><span style=\"font-family: helvetica;font-size: 12pt\">-RU Centro: 16h30 at\u00e9 17h30<\/span><\/p>\n<p><span style=\"font-family: helvetica;font-size: 12pt\">Problemas com o agendamento, procurar a secretaria do RU dentro do prazo.<\/span><\/p>\n","protected":false},"excerpt":{"rendered":"<p>Em virtude da paralisa\u00e7\u00e3o dos servidores t\u00e9cnico-administrativos marcada para o dia 06\/02, o agendamento para a distribui\u00e7\u00e3o do dia 08\/02 (sexta-feira) dever\u00e1 ser feito at\u00e9 as 09h de ter\u00e7a-feira (05\/02). Retirada: -RU Campus I: 15h at\u00e9 16h -RU Centro: 16h30 at\u00e9 17h30 Problemas com o agendamento, procurar a secretaria do RU dentro do prazo.<\/p>\n","protected":false},"author":25,"featured_media":0,"comment_status":"closed","ping_status":"closed","sticky":false,"template":"","format":"standard","meta":{"footnotes":""},"categories":[1],"tags":[],"class_list":["post-328","post","type-post","status-publish","format-standard","hentry","category-noticias"],"acf":[],"_links":{"self":[{"href":"https:\/\/www.ufsm.br\/orgaos-suplementares\/ru\/wp-json\/wp\/v2\/posts\/328","targetHints":{"allow":["GET"]}}],"collection":[{"href":"https:\/\/www.ufsm.br\/orgaos-suplementares\/ru\/wp-json\/wp\/v2\/posts"}],"about":[{"href":"https:\/\/www.ufsm.br\/orgaos-suplementares\/ru\/wp-json\/wp\/v2\/types\/post"}],"author":[{"embeddable":true,"href":"https:\/\/www.ufsm.br\/orgaos-suplementares\/ru\/wp-json\/wp\/v2\/users\/25"}],"replies":[{"embeddable":true,"href":"https:\/\/www.ufsm.br\/orgaos-suplementares\/ru\/wp-json\/wp\/v2\/comments?post=328"}],"version-history":[{"count":0,"href":"https:\/\/www.ufsm.br\/orgaos-suplementares\/ru\/wp-json\/wp\/v2\/posts\/328\/revisions"}],"wp:attachment":[{"href":"https:\/\/www.ufsm.br\/orgaos-suplementares\/ru\/wp-json\/wp\/v2\/media?parent=328"}],"wp:term":[{"taxonomy":"category","embeddable":true,"href":"https:\/\/www.ufsm.br\/orgaos-suplementares\/ru\/wp-json\/wp\/v2\/categories?post=328"},{"taxonomy":"post_tag","embeddable":true,"href":"https:\/\/www.ufsm.br\/orgaos-suplementares\/ru\/wp-json\/wp\/v2\/tags?post=328"}],"curies":[{"name":"wp","href":"https:\/\/api.w.org\/{rel}","templated":true}]}}