{"id":329,"date":"2019-02-26T11:01:58","date_gmt":"2019-02-26T14:01:58","guid":{"rendered":"https:\/\/www.ufsm.br\/orgaos-suplementares\/ru\/?p=329"},"modified":"2019-03-01T09:56:39","modified_gmt":"2019-03-01T12:56:39","slug":"distribuicao-no-ru-centro-para-a-semana-de-carnaval","status":"publish","type":"post","link":"https:\/\/www.ufsm.br\/orgaos-suplementares\/ru\/2019\/02\/26\/distribuicao-no-ru-centro-para-a-semana-de-carnaval","title":{"rendered":"Distribui\u00e7\u00e3o no RU Centro para a semana de Carnaval"},"content":{"rendered":"\n<p>A Dire\u00e7\u00e3o do RU informa que devido a n\u00e3o abertura do RU Centro na semana de Carnaval, ser\u00e3o realizadas duas distribui\u00e7\u00f5es.<\/p>\n<p>A primeira, com retirada no dia 01\/03 (sexta-feira), dever\u00e1 ser agendada at\u00e9 as 09h de quarta-feira (27\/02). A retirada ser\u00e1 das 16h at\u00e9 17h.<\/p>\n<p>A outra ser\u00e1 feita na quarta-feira (06\/03) e dever\u00e1 ser agendada at\u00e9 as 09h de segunda-feira (04\/03). A retirada ser\u00e1 das 16h30min at\u00e9 17h30min.<\/p>\n<p>N\u00e3o haver\u00e1 distribui\u00e7\u00e3o na sexta-feira, dia 08\/03. A distribui\u00e7\u00e3o do dia 06\/03 valer\u00e1 at\u00e9 o fim de semana.<\/p>\n<p>O RU Centro voltar\u00e1 a atender em hor\u00e1rio normal no dia 11\/03.<\/p>\n<p>Problemas com o agendamento, procurar a secretaria do Restaurante dentro do prazo.<\/p>\n","protected":false},"excerpt":{"rendered":"<p>A Dire\u00e7\u00e3o do RU informa que devido a n\u00e3o abertura do RU Centro na semana de Carnaval, ser\u00e3o realizadas duas distribui\u00e7\u00f5es. A primeira, com retirada no dia 01\/03 (sexta-feira), dever\u00e1 ser agendada at\u00e9 as 09h de quarta-feira (27\/02). A retirada ser\u00e1 das 16h at\u00e9 17h. A outra ser\u00e1 feita na quarta-feira (06\/03) e dever\u00e1 ser [&hellip;]<\/p>\n","protected":false},"author":322,"featured_media":0,"comment_status":"closed","ping_status":"closed","sticky":false,"template":"","format":"standard","meta":{"footnotes":""},"categories":[1],"tags":[],"class_list":["post-329","post","type-post","status-publish","format-standard","hentry","category-noticias"],"acf":[],"_links":{"self":[{"href":"https:\/\/www.ufsm.br\/orgaos-suplementares\/ru\/wp-json\/wp\/v2\/posts\/329","targetHints":{"allow":["GET"]}}],"collection":[{"href":"https:\/\/www.ufsm.br\/orgaos-suplementares\/ru\/wp-json\/wp\/v2\/posts"}],"about":[{"href":"https:\/\/www.ufsm.br\/orgaos-suplementares\/ru\/wp-json\/wp\/v2\/types\/post"}],"author":[{"embeddable":true,"href":"https:\/\/www.ufsm.br\/orgaos-suplementares\/ru\/wp-json\/wp\/v2\/users\/322"}],"replies":[{"embeddable":true,"href":"https:\/\/www.ufsm.br\/orgaos-suplementares\/ru\/wp-json\/wp\/v2\/comments?post=329"}],"version-history":[{"count":0,"href":"https:\/\/www.ufsm.br\/orgaos-suplementares\/ru\/wp-json\/wp\/v2\/posts\/329\/revisions"}],"wp:attachment":[{"href":"https:\/\/www.ufsm.br\/orgaos-suplementares\/ru\/wp-json\/wp\/v2\/media?parent=329"}],"wp:term":[{"taxonomy":"category","embeddable":true,"href":"https:\/\/www.ufsm.br\/orgaos-suplementares\/ru\/wp-json\/wp\/v2\/categories?post=329"},{"taxonomy":"post_tag","embeddable":true,"href":"https:\/\/www.ufsm.br\/orgaos-suplementares\/ru\/wp-json\/wp\/v2\/tags?post=329"}],"curies":[{"name":"wp","href":"https:\/\/api.w.org\/{rel}","templated":true}]}}