{"id":330,"date":"2019-03-01T09:48:17","date_gmt":"2019-03-01T12:48:17","guid":{"rendered":"https:\/\/www.ufsm.br\/orgaos-suplementares\/ru\/?p=330"},"modified":"2019-04-10T14:43:24","modified_gmt":"2019-04-10T17:43:24","slug":"funcionamento-do-ru-na-semana-do-carnaval","status":"publish","type":"post","link":"https:\/\/www.ufsm.br\/orgaos-suplementares\/ru\/2019\/03\/01\/funcionamento-do-ru-na-semana-do-carnaval","title":{"rendered":"Funcionamento do RU na semana do Carnaval"},"content":{"rendered":"\n<p style=\"text-align: justify\">A Dire\u00e7\u00e3o do RU informa sobre o funcionamento do Restaurante durante a semana do carnaval:<\/p>\n<ul style=\"text-align: justify\">\n<li>nos dias 04\/03, 05\/03 e 06\/03 n\u00e3o haver\u00e1 atendimento.<\/li>\n<li>dias 07\/03 e 08\/03 (quinta e sexta), as refei\u00e7\u00f5es ser\u00e3o servidas no <strong>RU Campus II.\u00a0<\/strong>O RU Campus I estar\u00e1 fechado.<\/li>\n<li>a distribui\u00e7\u00e3o do dia 08\/03 ser\u00e1 no RU Campus I das 15h \u00e0s 16h<\/li>\n<li>o RU Centro permanecer\u00e1 fechado para reforma, sendo realizada distribui\u00e7\u00e3o para os moradores da CEU I.<\/li>\n<\/ul>\n<p style=\"text-align: justify\">No dia 11\/03 o RU volta com atendimento normal.<\/p>\n","protected":false},"excerpt":{"rendered":"<p>A Dire\u00e7\u00e3o do RU informa sobre o funcionamento do Restaurante durante a semana do carnaval<\/p>\n","protected":false},"author":322,"featured_media":0,"comment_status":"closed","ping_status":"closed","sticky":false,"template":"","format":"standard","meta":{"footnotes":""},"categories":[1],"tags":[],"class_list":["post-330","post","type-post","status-publish","format-standard","hentry","category-noticias"],"acf":[],"_links":{"self":[{"href":"https:\/\/www.ufsm.br\/orgaos-suplementares\/ru\/wp-json\/wp\/v2\/posts\/330","targetHints":{"allow":["GET"]}}],"collection":[{"href":"https:\/\/www.ufsm.br\/orgaos-suplementares\/ru\/wp-json\/wp\/v2\/posts"}],"about":[{"href":"https:\/\/www.ufsm.br\/orgaos-suplementares\/ru\/wp-json\/wp\/v2\/types\/post"}],"author":[{"embeddable":true,"href":"https:\/\/www.ufsm.br\/orgaos-suplementares\/ru\/wp-json\/wp\/v2\/users\/322"}],"replies":[{"embeddable":true,"href":"https:\/\/www.ufsm.br\/orgaos-suplementares\/ru\/wp-json\/wp\/v2\/comments?post=330"}],"version-history":[{"count":0,"href":"https:\/\/www.ufsm.br\/orgaos-suplementares\/ru\/wp-json\/wp\/v2\/posts\/330\/revisions"}],"wp:attachment":[{"href":"https:\/\/www.ufsm.br\/orgaos-suplementares\/ru\/wp-json\/wp\/v2\/media?parent=330"}],"wp:term":[{"taxonomy":"category","embeddable":true,"href":"https:\/\/www.ufsm.br\/orgaos-suplementares\/ru\/wp-json\/wp\/v2\/categories?post=330"},{"taxonomy":"post_tag","embeddable":true,"href":"https:\/\/www.ufsm.br\/orgaos-suplementares\/ru\/wp-json\/wp\/v2\/tags?post=330"}],"curies":[{"name":"wp","href":"https:\/\/api.w.org\/{rel}","templated":true}]}}