{"id":335,"date":"2019-03-13T11:10:54","date_gmt":"2019-03-13T14:10:54","guid":{"rendered":"https:\/\/www.ufsm.br\/orgaos-suplementares\/ru\/?p=335"},"modified":"2019-04-10T14:39:22","modified_gmt":"2019-04-10T17:39:22","slug":"agendamento-obrigatorio-das-refeicoes","status":"publish","type":"post","link":"https:\/\/www.ufsm.br\/orgaos-suplementares\/ru\/2019\/03\/13\/agendamento-obrigatorio-das-refeicoes","title":{"rendered":"Agendamento obrigat\u00f3rio das refei\u00e7\u00f5es"},"content":{"rendered":"\n<p style=\"text-align: justify\">Salientamos que o agendamento das refei\u00e7\u00f5es \u00e9 obrigat\u00f3rio para todos os usu\u00e1rios e\u00a0 refei\u00e7\u00f5es.<\/p>\n<p style=\"text-align: justify\">O agendamento pode ser feito pelo Portal do RU ou aplicativo UFSM Digital.<\/p>\n<p style=\"text-align: justify\">Os prazos do agendamento podem ser conferidos <a href=\"https:\/\/www.ufsm.br\/orgaos-suplementares\/ru\/horarios\/\">aqui<\/a>.<\/p>\n","protected":false},"excerpt":{"rendered":"<p>Salientamos que o agendamento das refei\u00e7\u00f5es \u00e9 obrigat\u00f3rio para todos os usu\u00e1rios e\u00a0 refei\u00e7\u00f5es.<\/p>\n","protected":false},"author":322,"featured_media":0,"comment_status":"closed","ping_status":"closed","sticky":false,"template":"","format":"standard","meta":{"footnotes":""},"categories":[1],"tags":[],"class_list":["post-335","post","type-post","status-publish","format-standard","hentry","category-noticias"],"acf":[],"_links":{"self":[{"href":"https:\/\/www.ufsm.br\/orgaos-suplementares\/ru\/wp-json\/wp\/v2\/posts\/335","targetHints":{"allow":["GET"]}}],"collection":[{"href":"https:\/\/www.ufsm.br\/orgaos-suplementares\/ru\/wp-json\/wp\/v2\/posts"}],"about":[{"href":"https:\/\/www.ufsm.br\/orgaos-suplementares\/ru\/wp-json\/wp\/v2\/types\/post"}],"author":[{"embeddable":true,"href":"https:\/\/www.ufsm.br\/orgaos-suplementares\/ru\/wp-json\/wp\/v2\/users\/322"}],"replies":[{"embeddable":true,"href":"https:\/\/www.ufsm.br\/orgaos-suplementares\/ru\/wp-json\/wp\/v2\/comments?post=335"}],"version-history":[{"count":0,"href":"https:\/\/www.ufsm.br\/orgaos-suplementares\/ru\/wp-json\/wp\/v2\/posts\/335\/revisions"}],"wp:attachment":[{"href":"https:\/\/www.ufsm.br\/orgaos-suplementares\/ru\/wp-json\/wp\/v2\/media?parent=335"}],"wp:term":[{"taxonomy":"category","embeddable":true,"href":"https:\/\/www.ufsm.br\/orgaos-suplementares\/ru\/wp-json\/wp\/v2\/categories?post=335"},{"taxonomy":"post_tag","embeddable":true,"href":"https:\/\/www.ufsm.br\/orgaos-suplementares\/ru\/wp-json\/wp\/v2\/tags?post=335"}],"curies":[{"name":"wp","href":"https:\/\/api.w.org\/{rel}","templated":true}]}}