{"id":338,"date":"2019-03-19T16:28:07","date_gmt":"2019-03-19T19:28:07","guid":{"rendered":"https:\/\/www.ufsm.br\/orgaos-suplementares\/ru\/?p=338"},"modified":"2019-04-10T14:36:29","modified_gmt":"2019-04-10T17:36:29","slug":"338","status":"publish","type":"post","link":"https:\/\/www.ufsm.br\/orgaos-suplementares\/ru\/2019\/03\/19\/338","title":{"rendered":"Paralisa\u00e7\u00e3o no dia 22\/03"},"content":{"rendered":"\n<p style=\"text-align: justify\">Em virtude da paralisa\u00e7\u00e3o dos servidores t\u00e9cnico-administrativos\u00a0 marcada para a pr\u00f3xima sexta-feira, dia 22, a administra\u00e7\u00e3o do Restaurante informa que ser\u00e1 servido almo\u00e7o para alunos com BSE ativo e demais formas de gratuidade no RU Campus II. O RU Campus I e RU Centro estar\u00e3o fechados.<\/p>\n<p style=\"text-align: justify\">Os usu\u00e1rios que j\u00e1 haviam agendado para o RU Campus I e Centro dever\u00e3o cancelar seus agendamentos e agendar novamente para o RU Campus II.<\/p>\n<p style=\"text-align: justify\">O agendamento deve ser feito at\u00e9 as 20h de quinta-feira. O almo\u00e7o ser\u00e1 das 11h \u00e0s 13h30min.<\/p>\n<p style=\"text-align: justify\">\u00a0<\/p>\n<p style=\"text-align: justify\">*A distribui\u00e7\u00e3o no RU Centro permanece na sexta-feira entre 16h30min e 17h30min.<\/p>\n<p style=\"text-align: justify\">\u00a0<\/p>\n<p style=\"text-align: justify\">http:\/\/assufsm.ufsm.br\/noticias\/1633-assembleia-define-paralisacao-e-participacao-nas-mobilizacoes-de-sexta-feira-22m<\/p>\n","protected":false},"excerpt":{"rendered":"<p>Em virtude da paralisa\u00e7\u00e3o dos servidores t\u00e9cnico-administrativos\u00a0 marcada para a pr\u00f3xima sexta-feira, dia 22, a administra\u00e7\u00e3o do Restaurante informa que ser\u00e1 servido almo\u00e7o para alunos com BSE ativo e demais formas de gratuidade no RU Campus II. <\/p>\n","protected":false},"author":322,"featured_media":0,"comment_status":"closed","ping_status":"closed","sticky":false,"template":"","format":"standard","meta":{"footnotes":""},"categories":[1],"tags":[],"class_list":["post-338","post","type-post","status-publish","format-standard","hentry","category-noticias"],"acf":[],"_links":{"self":[{"href":"https:\/\/www.ufsm.br\/orgaos-suplementares\/ru\/wp-json\/wp\/v2\/posts\/338","targetHints":{"allow":["GET"]}}],"collection":[{"href":"https:\/\/www.ufsm.br\/orgaos-suplementares\/ru\/wp-json\/wp\/v2\/posts"}],"about":[{"href":"https:\/\/www.ufsm.br\/orgaos-suplementares\/ru\/wp-json\/wp\/v2\/types\/post"}],"author":[{"embeddable":true,"href":"https:\/\/www.ufsm.br\/orgaos-suplementares\/ru\/wp-json\/wp\/v2\/users\/322"}],"replies":[{"embeddable":true,"href":"https:\/\/www.ufsm.br\/orgaos-suplementares\/ru\/wp-json\/wp\/v2\/comments?post=338"}],"version-history":[{"count":0,"href":"https:\/\/www.ufsm.br\/orgaos-suplementares\/ru\/wp-json\/wp\/v2\/posts\/338\/revisions"}],"wp:attachment":[{"href":"https:\/\/www.ufsm.br\/orgaos-suplementares\/ru\/wp-json\/wp\/v2\/media?parent=338"}],"wp:term":[{"taxonomy":"category","embeddable":true,"href":"https:\/\/www.ufsm.br\/orgaos-suplementares\/ru\/wp-json\/wp\/v2\/categories?post=338"},{"taxonomy":"post_tag","embeddable":true,"href":"https:\/\/www.ufsm.br\/orgaos-suplementares\/ru\/wp-json\/wp\/v2\/tags?post=338"}],"curies":[{"name":"wp","href":"https:\/\/api.w.org\/{rel}","templated":true}]}}