{"id":36,"date":"2015-06-09T13:32:09","date_gmt":"2015-06-09T16:32:09","guid":{"rendered":"https:\/\/www.ufsm.br\/orgaos-suplementares\/ru\/2015\/06\/09\/proximas-distribuicoes-de-alimentos-ja-estao-disponiveis-para-agendamento\/"},"modified":"2015-06-09T13:32:09","modified_gmt":"2015-06-09T16:32:09","slug":"proximas-distribuicoes-de-alimentos-ja-estao-disponiveis-para-agendamento","status":"publish","type":"post","link":"https:\/\/www.ufsm.br\/orgaos-suplementares\/ru\/2015\/06\/09\/proximas-distribuicoes-de-alimentos-ja-estao-disponiveis-para-agendamento","title":{"rendered":"Pr\u00f3ximas distribui\u00e7\u00f5es de alimentos j\u00e1 est\u00e3o dispon\u00edveis para agendamentos"},"content":{"rendered":"<p style=\"text-align: justify;\"><span style=\"font-family: helvetica; font-size: 12pt;\"><span style=\"color: #ff0000;\">ATEN\u00c7\u00c3O! RU retifica a quinta e sexta distribui\u00e7\u00f5es de alimentos.<\/span> <a href=\"index.php\/noticias\/70-ru-retifica-as-distribuicoes-de-alimentos-na-proxima-semana\">Saiba mais<\/a><\/span><\/p>\n<p style=\"text-align: justify;\"><span style=\"font-family: helvetica; font-size: 12pt;\">O Restaurante Universit\u00e1rio (RU) informa que, a quinta e sexta distribui\u00e7\u00f5es de g\u00eaneros aliment\u00edcios referente ao per\u00edodo de greve j\u00e1 est\u00e3o dispon\u00edveis para agendamento. <\/span><br \/><span style=\"font-family: helvetica; font-size: 12pt;\"><\/span><\/p>\n<p style=\"text-align: justify;\"><span style=\"font-family: helvetica; font-size: 12pt;\">Segue abaixo as datas e prazos para as pr\u00f3ximas duas distribui\u00e7\u00f5es:<\/span><\/p>\n<p style=\"text-align: justify;\"><strong><span style=\"font-family: helvetica; font-size: 12pt;\">5\u00aa Distribui\u00e7\u00e3o<\/span><\/strong><br \/><span style=\"font-family: helvetica; font-size: 12pt;\">Agendamento: at\u00e9 quinta-feira (11) \u00e0s 9h<\/span><br \/><span style=\"font-family: helvetica; font-size: 12pt;\">Retirada: Ter\u00e7a-feira (16) &#8211; 10h00min \u00e0s 11h30min (campus e centro)<\/span><br \/><span style=\"font-family: helvetica; font-size: 12pt;\">Cr\u00e9ditos: 6 (seis) \u2013 Quarta-feira (17) \u00e0 Sexta-feira (19)<\/span><\/p>\n<p style=\"text-align: justify;\"><strong><span style=\"font-family: helvetica; font-size: 12pt;\">6\u00aa Distribui\u00e7\u00e3o<\/span><\/strong><br \/><span style=\"font-family: helvetica; font-size: 12pt;\">Agendamento: at\u00e9 Ter\u00e7a-feira (16) \u00e0s 9h<\/span><br \/><span style=\"font-family: helvetica; font-size: 12pt;\">Retirada: Sexta-feira (19) &#8211; 10h00min \u00e0s 11h30min (campus e centro)<\/span><br \/><span style=\"font-family: helvetica; font-size: 12pt;\">Cr\u00e9ditos: 8 (oito) \u2013 S\u00e1bado (20) \u00e0 Ter\u00e7a-feira (23)<\/span><\/p>\n<p style=\"text-align: justify;\"><span style=\"font-family: helvetica; font-size: 12pt;\">O agendamento da distribui\u00e7\u00e3o \u00e9 realizado diretamente no site RU &gt; Agende sua refei\u00e7\u00e3o!<\/span><br \/><span style=\"font-family: helvetica; font-size: 12pt;\"><\/span><\/p>\n<p style=\"text-align: justify;\"><span style=\"font-family: helvetica; font-size: 12pt;\">O RU salienta que aqueles alunos com problema no agendamento devem entrar em contato com a secretaria. <span style=\"color: #ff0000;\">N\u00e3o ser\u00e3o aceitos agendamentos fora do prazo<\/span>.<\/span><br \/><span style=\"font-family: helvetica; font-size: 12pt;\"><\/span><\/p>\n<p style=\"text-align: justify;\"><strong><span style=\"font-family: helvetica; font-size: 12pt;\">Quem poder\u00e1 retirar:<\/span><\/strong><br \/><span style=\"font-family: helvetica; font-size: 12pt;\">Alunos com benef\u00edcio socioecon\u00f4mico ativo, morador ou n\u00e3o da Casa de Estudante (CEU), cadastrados no RU. Para realizar o cadastro, o aluno dever\u00e1 comparecer pessoalmente, em hor\u00e1rio de expediente*, em uma das unidades (campus ou centro), portando a carteira de identifica\u00e7\u00e3o do usu\u00e1rio (biblioteca).<\/span><br \/><span style=\"font-family: helvetica; font-size: 12pt;\"><\/span><\/p>\n<p style=\"text-align: justify;\"><span style=\"font-family: helvetica; font-size: 12pt;\">Os demais alunos (Ind\u00edgenas e AUGM) que normalmente retiram no per\u00edodo letivo tamb\u00e9m poder\u00e3o pegar a distribui\u00e7\u00e3o.<\/span><br \/><span style=\"font-family: helvetica; font-size: 12pt;\"><\/span><\/p>\n<p style=\"text-align: justify;\"><span style=\"font-family: helvetica; font-size: 12pt;\">Mais informa\u00e7\u00f5es na secretaria do RU ou pelo fone (55) 3220-8405.<\/span><\/p>\n<p style=\"text-align: justify;\">&nbsp;<\/p>\n<p style=\"text-align: justify;\"><span style=\"font-size: 10pt;\"><em><span style=\"font-family: helvetica;\">*Segunda \u00e0 Sexta-feira das 8h \u00e0s 12h e 13h \u00e0s 16h.<\/span><\/em><\/span><\/p>\n","protected":false},"excerpt":{"rendered":"<p>ATEN\u00c7\u00c3O! RU retifica a quinta e sexta distribui\u00e7\u00f5es de alimentos. Saiba mais O Restaurante Universit\u00e1rio (RU) informa que, a quinta e sexta distribui\u00e7\u00f5es de g\u00eaneros aliment\u00edcios referente ao per\u00edodo de greve j\u00e1 est\u00e3o dispon\u00edveis para agendamento. Segue abaixo as datas e prazos para as pr\u00f3ximas duas distribui\u00e7\u00f5es: 5\u00aa Distribui\u00e7\u00e3oAgendamento: at\u00e9 quinta-feira (11) \u00e0s 9hRetirada: Ter\u00e7a-feira [&hellip;]<\/p>\n","protected":false},"author":8,"featured_media":0,"comment_status":"closed","ping_status":"closed","sticky":false,"template":"","format":"standard","meta":{"footnotes":""},"categories":[1],"tags":[],"class_list":["post-36","post","type-post","status-publish","format-standard","hentry","category-noticias"],"acf":[],"_links":{"self":[{"href":"https:\/\/www.ufsm.br\/orgaos-suplementares\/ru\/wp-json\/wp\/v2\/posts\/36","targetHints":{"allow":["GET"]}}],"collection":[{"href":"https:\/\/www.ufsm.br\/orgaos-suplementares\/ru\/wp-json\/wp\/v2\/posts"}],"about":[{"href":"https:\/\/www.ufsm.br\/orgaos-suplementares\/ru\/wp-json\/wp\/v2\/types\/post"}],"author":[{"embeddable":true,"href":"https:\/\/www.ufsm.br\/orgaos-suplementares\/ru\/wp-json\/wp\/v2\/users\/8"}],"replies":[{"embeddable":true,"href":"https:\/\/www.ufsm.br\/orgaos-suplementares\/ru\/wp-json\/wp\/v2\/comments?post=36"}],"version-history":[{"count":0,"href":"https:\/\/www.ufsm.br\/orgaos-suplementares\/ru\/wp-json\/wp\/v2\/posts\/36\/revisions"}],"wp:attachment":[{"href":"https:\/\/www.ufsm.br\/orgaos-suplementares\/ru\/wp-json\/wp\/v2\/media?parent=36"}],"wp:term":[{"taxonomy":"category","embeddable":true,"href":"https:\/\/www.ufsm.br\/orgaos-suplementares\/ru\/wp-json\/wp\/v2\/categories?post=36"},{"taxonomy":"post_tag","embeddable":true,"href":"https:\/\/www.ufsm.br\/orgaos-suplementares\/ru\/wp-json\/wp\/v2\/tags?post=36"}],"curies":[{"name":"wp","href":"https:\/\/api.w.org\/{rel}","templated":true}]}}