{"id":380,"date":"2019-04-11T09:44:54","date_gmt":"2019-04-11T12:44:54","guid":{"rendered":"https:\/\/www.ufsm.br\/orgaos-suplementares\/ru\/?p=380"},"modified":"2019-04-11T09:45:52","modified_gmt":"2019-04-11T12:45:52","slug":"distribuicao-para-o-feriado-de-pascoa-2","status":"publish","type":"post","link":"https:\/\/www.ufsm.br\/orgaos-suplementares\/ru\/2019\/04\/11\/distribuicao-para-o-feriado-de-pascoa-2","title":{"rendered":"Distribui\u00e7\u00e3o para o feriado de P\u00e1scoa"},"content":{"rendered":"\n<p>A Dire\u00e7\u00e3o do RU informa que ser\u00e1 realizada distribui\u00e7\u00e3o para o feriado de P\u00e1scoa na quinta-feira (18\/04), com agendamento at\u00e9 as 09h de ter\u00e7a-feira (16\/04), tanto no RU Campus I quanto RU Centro.<\/p>\n<p>Hor\u00e1rio de retirada:<\/p>\n<ul>\n<li>RU Campus I: 15h at\u00e9 16h<\/li>\n<li>RU Centro: 16h30min at\u00e9 17h30min<\/li>\n<\/ul>\n<p><strong>Obs: como esta distribui\u00e7\u00e3o ser\u00e1 em dia de semana, excepcionalmente os usu\u00e1rios estar\u00e3o autorizados a retirarem a sua distribui\u00e7\u00e3o e de mais um colega sem necessidade de colocar o nome na lista na secretaria. Assim, cada usu\u00e1rio poder\u00e1 retirar at\u00e9 duas distribui\u00e7\u00f5es.<\/strong><\/p>\n<p>Para outros casos, procurar a secretaria para avalia\u00e7\u00e3o.<\/p>\n<p>Problemas com agendamento, entrar em contato com a secretaria dentro do prazo.<\/p>\n<p>\u00a0<\/p>\n","protected":false},"excerpt":{"rendered":"<p>A Dire\u00e7\u00e3o do RU informa que ser\u00e1 realizada distribui\u00e7\u00e3o para o feriado de P\u00e1scoa na quinta-feira (18\/04), com agendamento at\u00e9 as 09h de ter\u00e7a-feira (16\/04), tanto no RU Campus I quanto RU Centro.<\/p>\n","protected":false},"author":322,"featured_media":0,"comment_status":"closed","ping_status":"closed","sticky":false,"template":"","format":"standard","meta":{"footnotes":""},"categories":[1],"tags":[],"class_list":["post-380","post","type-post","status-publish","format-standard","hentry","category-noticias"],"acf":[],"_links":{"self":[{"href":"https:\/\/www.ufsm.br\/orgaos-suplementares\/ru\/wp-json\/wp\/v2\/posts\/380","targetHints":{"allow":["GET"]}}],"collection":[{"href":"https:\/\/www.ufsm.br\/orgaos-suplementares\/ru\/wp-json\/wp\/v2\/posts"}],"about":[{"href":"https:\/\/www.ufsm.br\/orgaos-suplementares\/ru\/wp-json\/wp\/v2\/types\/post"}],"author":[{"embeddable":true,"href":"https:\/\/www.ufsm.br\/orgaos-suplementares\/ru\/wp-json\/wp\/v2\/users\/322"}],"replies":[{"embeddable":true,"href":"https:\/\/www.ufsm.br\/orgaos-suplementares\/ru\/wp-json\/wp\/v2\/comments?post=380"}],"version-history":[{"count":0,"href":"https:\/\/www.ufsm.br\/orgaos-suplementares\/ru\/wp-json\/wp\/v2\/posts\/380\/revisions"}],"wp:attachment":[{"href":"https:\/\/www.ufsm.br\/orgaos-suplementares\/ru\/wp-json\/wp\/v2\/media?parent=380"}],"wp:term":[{"taxonomy":"category","embeddable":true,"href":"https:\/\/www.ufsm.br\/orgaos-suplementares\/ru\/wp-json\/wp\/v2\/categories?post=380"},{"taxonomy":"post_tag","embeddable":true,"href":"https:\/\/www.ufsm.br\/orgaos-suplementares\/ru\/wp-json\/wp\/v2\/tags?post=380"}],"curies":[{"name":"wp","href":"https:\/\/api.w.org\/{rel}","templated":true}]}}