{"id":384,"date":"2019-05-13T09:44:23","date_gmt":"2019-05-13T12:44:23","guid":{"rendered":"https:\/\/www.ufsm.br\/orgaos-suplementares\/ru\/?p=384"},"modified":"2019-05-13T09:51:14","modified_gmt":"2019-05-13T12:51:14","slug":"ru-nao-atendera-na-quarta-feira-dia-15-05","status":"publish","type":"post","link":"https:\/\/www.ufsm.br\/orgaos-suplementares\/ru\/2019\/05\/13\/ru-nao-atendera-na-quarta-feira-dia-15-05","title":{"rendered":"RU n\u00e3o atender\u00e1 na quarta-feira, dia 15\/05"},"content":{"rendered":"\n<p>A Dire\u00e7\u00e3o do RU informa que, nesta quarta-feira, dia 15 de maio, n\u00e3o haver\u00e1 atendimento em nenhum dos refeit\u00f3rios, devido \u00e0 greve geral da educa\u00e7\u00e3o.<\/p>\n<p>Importante salientar tamb\u00e9m que, conforme nota do CPD, os equipamentos estar\u00e3o em manuten\u00e7\u00e3o preventiva, indisponibilizando o Sistema de Controle dos RUS.<\/p>\n<p>\u00a0<\/p>\n","protected":false},"excerpt":{"rendered":"<p>A Dire\u00e7\u00e3o do RU informa que, nesta quarta-feira, dia 15 de maio, n\u00e3o haver\u00e1 atendimento em nenhum dos refeit\u00f3rios, devido \u00e0 greve geral da educa\u00e7\u00e3o.<\/p>\n","protected":false},"author":321,"featured_media":0,"comment_status":"closed","ping_status":"closed","sticky":false,"template":"","format":"standard","meta":{"footnotes":""},"categories":[1],"tags":[],"class_list":["post-384","post","type-post","status-publish","format-standard","hentry","category-noticias"],"acf":[],"_links":{"self":[{"href":"https:\/\/www.ufsm.br\/orgaos-suplementares\/ru\/wp-json\/wp\/v2\/posts\/384","targetHints":{"allow":["GET"]}}],"collection":[{"href":"https:\/\/www.ufsm.br\/orgaos-suplementares\/ru\/wp-json\/wp\/v2\/posts"}],"about":[{"href":"https:\/\/www.ufsm.br\/orgaos-suplementares\/ru\/wp-json\/wp\/v2\/types\/post"}],"author":[{"embeddable":true,"href":"https:\/\/www.ufsm.br\/orgaos-suplementares\/ru\/wp-json\/wp\/v2\/users\/321"}],"replies":[{"embeddable":true,"href":"https:\/\/www.ufsm.br\/orgaos-suplementares\/ru\/wp-json\/wp\/v2\/comments?post=384"}],"version-history":[{"count":0,"href":"https:\/\/www.ufsm.br\/orgaos-suplementares\/ru\/wp-json\/wp\/v2\/posts\/384\/revisions"}],"wp:attachment":[{"href":"https:\/\/www.ufsm.br\/orgaos-suplementares\/ru\/wp-json\/wp\/v2\/media?parent=384"}],"wp:term":[{"taxonomy":"category","embeddable":true,"href":"https:\/\/www.ufsm.br\/orgaos-suplementares\/ru\/wp-json\/wp\/v2\/categories?post=384"},{"taxonomy":"post_tag","embeddable":true,"href":"https:\/\/www.ufsm.br\/orgaos-suplementares\/ru\/wp-json\/wp\/v2\/tags?post=384"}],"curies":[{"name":"wp","href":"https:\/\/api.w.org\/{rel}","templated":true}]}}