{"id":387,"date":"2019-05-27T14:28:14","date_gmt":"2019-05-27T17:28:14","guid":{"rendered":"https:\/\/www.ufsm.br\/orgaos-suplementares\/ru\/?p=387"},"modified":"2019-05-28T09:11:41","modified_gmt":"2019-05-28T12:11:41","slug":"almoco-de-quinta-feira-dia-30-05","status":"publish","type":"post","link":"https:\/\/www.ufsm.br\/orgaos-suplementares\/ru\/2019\/05\/27\/almoco-de-quinta-feira-dia-30-05","title":{"rendered":"Almo\u00e7o de quinta-feira, dia 30\/05"},"content":{"rendered":"\n<p>Ocorreu na manh\u00e3 desta segunda-feira (27) Assembl\u00e9ia Geral dos TAEs, quando foi votada e aprovada Paralisa\u00e7\u00e3o para o dia 30 de maio, pr\u00f3xima quinta-feira, bem como Greve Geral para o dia 14 de junho.<\/p>\n<p>Desta forma, a Dire\u00e7\u00e3o do RU informa que, quinta, dia 30, serviremos almo\u00e7o no RU Campus II, somente para alunos com BSE ativo e Ind\u00edgenas.<\/p>\n<p>Aqueles que j\u00e1 agendaram para os outros refeit\u00f3rios dever\u00e3o cancelar o agendamento e realiz\u00e1-lo novamente para o RU Campus II.<\/p>\n","protected":false},"excerpt":{"rendered":"<p>Paralisa\u00e7\u00e3o 30 de maio<\/p>\n","protected":false},"author":321,"featured_media":0,"comment_status":"closed","ping_status":"closed","sticky":false,"template":"","format":"standard","meta":{"footnotes":""},"categories":[1],"tags":[],"class_list":["post-387","post","type-post","status-publish","format-standard","hentry","category-noticias"],"acf":[],"_links":{"self":[{"href":"https:\/\/www.ufsm.br\/orgaos-suplementares\/ru\/wp-json\/wp\/v2\/posts\/387","targetHints":{"allow":["GET"]}}],"collection":[{"href":"https:\/\/www.ufsm.br\/orgaos-suplementares\/ru\/wp-json\/wp\/v2\/posts"}],"about":[{"href":"https:\/\/www.ufsm.br\/orgaos-suplementares\/ru\/wp-json\/wp\/v2\/types\/post"}],"author":[{"embeddable":true,"href":"https:\/\/www.ufsm.br\/orgaos-suplementares\/ru\/wp-json\/wp\/v2\/users\/321"}],"replies":[{"embeddable":true,"href":"https:\/\/www.ufsm.br\/orgaos-suplementares\/ru\/wp-json\/wp\/v2\/comments?post=387"}],"version-history":[{"count":0,"href":"https:\/\/www.ufsm.br\/orgaos-suplementares\/ru\/wp-json\/wp\/v2\/posts\/387\/revisions"}],"wp:attachment":[{"href":"https:\/\/www.ufsm.br\/orgaos-suplementares\/ru\/wp-json\/wp\/v2\/media?parent=387"}],"wp:term":[{"taxonomy":"category","embeddable":true,"href":"https:\/\/www.ufsm.br\/orgaos-suplementares\/ru\/wp-json\/wp\/v2\/categories?post=387"},{"taxonomy":"post_tag","embeddable":true,"href":"https:\/\/www.ufsm.br\/orgaos-suplementares\/ru\/wp-json\/wp\/v2\/tags?post=387"}],"curies":[{"name":"wp","href":"https:\/\/api.w.org\/{rel}","templated":true}]}}