{"id":392,"date":"2019-05-28T09:44:38","date_gmt":"2019-05-28T12:44:38","guid":{"rendered":"https:\/\/www.ufsm.br\/orgaos-suplementares\/ru\/?p=392"},"modified":"2019-05-28T09:44:40","modified_gmt":"2019-05-28T12:44:40","slug":"prazo-de-agendamento-da-distribuicao","status":"publish","type":"post","link":"https:\/\/www.ufsm.br\/orgaos-suplementares\/ru\/2019\/05\/28\/prazo-de-agendamento-da-distribuicao","title":{"rendered":"Prazo de agendamento da distribui\u00e7\u00e3o"},"content":{"rendered":"\n<p style=\"text-align: justify\">O RU informa que, em raz\u00e3o da paralisa\u00e7\u00e3o de quinta-feira (30), o prazo de agendamento da distribui\u00e7\u00e3o de g\u00eaneros aliment\u00edcios que ser\u00e1 realizada no RU Campus I (01\/06) e no RU Centro (31\/05) encerra as 9h desta quarta-feira (29).\u00a0<\/p>\n<p style=\"text-align: justify\">Hor\u00e1rio de retirada:<\/p>\n<p style=\"text-align: justify\">RU Campus I: 16h at\u00e9 17h<br \/>RU Centro: 16h30min at\u00e9 17h30min<\/p>\n<p style=\"text-align: justify\">Problemas com agendamento, entrar em contato com a secretaria dentro do prazo.<\/p>\n","protected":false},"excerpt":{"rendered":"<p>O prazo de agendamento da distribui\u00e7\u00e3o de g\u00eaneros aliment\u00edcios encerra as 9h desta quarta-feira (29).\u00a0<\/p>\n","protected":false},"author":323,"featured_media":0,"comment_status":"closed","ping_status":"closed","sticky":false,"template":"","format":"standard","meta":{"footnotes":""},"categories":[1],"tags":[],"class_list":["post-392","post","type-post","status-publish","format-standard","hentry","category-noticias"],"acf":[],"_links":{"self":[{"href":"https:\/\/www.ufsm.br\/orgaos-suplementares\/ru\/wp-json\/wp\/v2\/posts\/392","targetHints":{"allow":["GET"]}}],"collection":[{"href":"https:\/\/www.ufsm.br\/orgaos-suplementares\/ru\/wp-json\/wp\/v2\/posts"}],"about":[{"href":"https:\/\/www.ufsm.br\/orgaos-suplementares\/ru\/wp-json\/wp\/v2\/types\/post"}],"author":[{"embeddable":true,"href":"https:\/\/www.ufsm.br\/orgaos-suplementares\/ru\/wp-json\/wp\/v2\/users\/323"}],"replies":[{"embeddable":true,"href":"https:\/\/www.ufsm.br\/orgaos-suplementares\/ru\/wp-json\/wp\/v2\/comments?post=392"}],"version-history":[{"count":0,"href":"https:\/\/www.ufsm.br\/orgaos-suplementares\/ru\/wp-json\/wp\/v2\/posts\/392\/revisions"}],"wp:attachment":[{"href":"https:\/\/www.ufsm.br\/orgaos-suplementares\/ru\/wp-json\/wp\/v2\/media?parent=392"}],"wp:term":[{"taxonomy":"category","embeddable":true,"href":"https:\/\/www.ufsm.br\/orgaos-suplementares\/ru\/wp-json\/wp\/v2\/categories?post=392"},{"taxonomy":"post_tag","embeddable":true,"href":"https:\/\/www.ufsm.br\/orgaos-suplementares\/ru\/wp-json\/wp\/v2\/tags?post=392"}],"curies":[{"name":"wp","href":"https:\/\/api.w.org\/{rel}","templated":true}]}}