{"id":399,"date":"2019-06-11T16:28:58","date_gmt":"2019-06-11T19:28:58","guid":{"rendered":"https:\/\/www.ufsm.br\/orgaos-suplementares\/ru\/?p=399"},"modified":"2019-06-11T16:29:07","modified_gmt":"2019-06-11T19:29:07","slug":"funcionamento-do-ru-no-dia-14-06","status":"publish","type":"post","link":"https:\/\/www.ufsm.br\/orgaos-suplementares\/ru\/2019\/06\/11\/funcionamento-do-ru-no-dia-14-06","title":{"rendered":"Funcionamento do RU no dia 14\/06"},"content":{"rendered":"\n<p>A Administra\u00e7\u00e3o do Restaurante informa que nesta sexta-feira, dia 14\/06, ser\u00e1 servido almo\u00e7o no RU &#8211; Campus II para alunos com BSE ativo e demais formas de gratuidade.<\/p>\n<p>A Distribui\u00e7\u00e3o no RU &#8211; Centro ser\u00e1 feita na quinta-feira (13\/06), em hor\u00e1rio normal, com agendamento at\u00e9 as 09 horas de quarta-feira (12\/06).\u00a0<\/p>\n<p>No s\u00e1bado o RU &#8211; Campus I abre normalmente.<\/p>\n","protected":false},"excerpt":{"rendered":"<p>A Administra\u00e7\u00e3o do Restaurante informa que nesta sexta-feira, dia 14\/06, ser\u00e1 servido almo\u00e7o no RU &#8211; Campus II para alunos com BSE ativo e demais formas de gratuidade. A Distribui\u00e7\u00e3o no RU &#8211; Centro ser\u00e1 feita na quinta-feira (13\/06), em hor\u00e1rio normal, com agendamento at\u00e9 as 09 horas de quarta-feira (12\/06).\u00a0 No s\u00e1bado o RU [&hellip;]<\/p>\n","protected":false},"author":322,"featured_media":0,"comment_status":"closed","ping_status":"closed","sticky":false,"template":"","format":"standard","meta":{"footnotes":""},"categories":[1],"tags":[],"class_list":["post-399","post","type-post","status-publish","format-standard","hentry","category-noticias"],"acf":[],"_links":{"self":[{"href":"https:\/\/www.ufsm.br\/orgaos-suplementares\/ru\/wp-json\/wp\/v2\/posts\/399","targetHints":{"allow":["GET"]}}],"collection":[{"href":"https:\/\/www.ufsm.br\/orgaos-suplementares\/ru\/wp-json\/wp\/v2\/posts"}],"about":[{"href":"https:\/\/www.ufsm.br\/orgaos-suplementares\/ru\/wp-json\/wp\/v2\/types\/post"}],"author":[{"embeddable":true,"href":"https:\/\/www.ufsm.br\/orgaos-suplementares\/ru\/wp-json\/wp\/v2\/users\/322"}],"replies":[{"embeddable":true,"href":"https:\/\/www.ufsm.br\/orgaos-suplementares\/ru\/wp-json\/wp\/v2\/comments?post=399"}],"version-history":[{"count":0,"href":"https:\/\/www.ufsm.br\/orgaos-suplementares\/ru\/wp-json\/wp\/v2\/posts\/399\/revisions"}],"wp:attachment":[{"href":"https:\/\/www.ufsm.br\/orgaos-suplementares\/ru\/wp-json\/wp\/v2\/media?parent=399"}],"wp:term":[{"taxonomy":"category","embeddable":true,"href":"https:\/\/www.ufsm.br\/orgaos-suplementares\/ru\/wp-json\/wp\/v2\/categories?post=399"},{"taxonomy":"post_tag","embeddable":true,"href":"https:\/\/www.ufsm.br\/orgaos-suplementares\/ru\/wp-json\/wp\/v2\/tags?post=399"}],"curies":[{"name":"wp","href":"https:\/\/api.w.org\/{rel}","templated":true}]}}