{"id":406,"date":"2019-07-08T16:01:46","date_gmt":"2019-07-08T19:01:46","guid":{"rendered":"https:\/\/www.ufsm.br\/orgaos-suplementares\/ru\/?p=406"},"modified":"2019-07-08T16:01:48","modified_gmt":"2019-07-08T19:01:48","slug":"novos-valores-das-refeicoes-para-servidores-e-visitantes-2","status":"publish","type":"post","link":"https:\/\/www.ufsm.br\/orgaos-suplementares\/ru\/2019\/07\/08\/novos-valores-das-refeicoes-para-servidores-e-visitantes-2","title":{"rendered":"Novos valores das refei\u00e7\u00f5es para servidores e visitantes"},"content":{"rendered":"\n<p style=\"text-align: justify\">O RU informa que os novos valores das refei\u00e7\u00f5es nos Restaurantes Universit\u00e1rios da UFSM, para servidores (TAES\/Docentes) e visitantes, passam a ser:<\/p>\n<p style=\"text-align: justify\"><strong>Desjejum: R$ 5,50<\/strong><br \/><strong>Almo\u00e7o: R$ 9,40<\/strong><br \/><strong>Janta: R$ 9,30<\/strong><\/p>\n<p>Os reajustes dos valores visam atender a <a href=\"https:\/\/www.ufsm.br\/orgaos-suplementares\/ru\/wp-content\/uploads\/sites\/398\/2019\/07\/RES_GR_2019_010.pdf\">Resolu\u00e7\u00e3o n. 010\/2019<\/a>.<\/p>\n<p><span style=\"color: #ff0000\">Os novos valores vigoram a partir desta ter\u00e7a-feira (09\/07).<\/span><\/p>\n<p style=\"text-align: justify\">Mais informa\u00e7\u00f5es na secretaria do RU ou pelo fone (55) 3220-8405.<\/p>\n<p>\u00a0<\/p>\n<p>\u00a0<\/p>\n","protected":false},"excerpt":{"rendered":"<p>Os novos valores vigoram a partir desta ter\u00e7a-feira (09\/07).<\/p>\n","protected":false},"author":323,"featured_media":0,"comment_status":"closed","ping_status":"closed","sticky":false,"template":"","format":"standard","meta":{"footnotes":""},"categories":[1],"tags":[],"class_list":["post-406","post","type-post","status-publish","format-standard","hentry","category-noticias"],"acf":[],"_links":{"self":[{"href":"https:\/\/www.ufsm.br\/orgaos-suplementares\/ru\/wp-json\/wp\/v2\/posts\/406","targetHints":{"allow":["GET"]}}],"collection":[{"href":"https:\/\/www.ufsm.br\/orgaos-suplementares\/ru\/wp-json\/wp\/v2\/posts"}],"about":[{"href":"https:\/\/www.ufsm.br\/orgaos-suplementares\/ru\/wp-json\/wp\/v2\/types\/post"}],"author":[{"embeddable":true,"href":"https:\/\/www.ufsm.br\/orgaos-suplementares\/ru\/wp-json\/wp\/v2\/users\/323"}],"replies":[{"embeddable":true,"href":"https:\/\/www.ufsm.br\/orgaos-suplementares\/ru\/wp-json\/wp\/v2\/comments?post=406"}],"version-history":[{"count":0,"href":"https:\/\/www.ufsm.br\/orgaos-suplementares\/ru\/wp-json\/wp\/v2\/posts\/406\/revisions"}],"wp:attachment":[{"href":"https:\/\/www.ufsm.br\/orgaos-suplementares\/ru\/wp-json\/wp\/v2\/media?parent=406"}],"wp:term":[{"taxonomy":"category","embeddable":true,"href":"https:\/\/www.ufsm.br\/orgaos-suplementares\/ru\/wp-json\/wp\/v2\/categories?post=406"},{"taxonomy":"post_tag","embeddable":true,"href":"https:\/\/www.ufsm.br\/orgaos-suplementares\/ru\/wp-json\/wp\/v2\/tags?post=406"}],"curies":[{"name":"wp","href":"https:\/\/api.w.org\/{rel}","templated":true}]}}