{"id":407,"date":"2019-07-17T14:29:38","date_gmt":"2019-07-17T17:29:38","guid":{"rendered":"https:\/\/www.ufsm.br\/orgaos-suplementares\/ru\/?p=407"},"modified":"2019-07-17T14:29:42","modified_gmt":"2019-07-17T17:29:42","slug":"funcionamento-do-ru-no-periodo-de-ferias-3","status":"publish","type":"post","link":"https:\/\/www.ufsm.br\/orgaos-suplementares\/ru\/2019\/07\/17\/funcionamento-do-ru-no-periodo-de-ferias-3","title":{"rendered":"Funcionamento do RU no per\u00edodo de f\u00e9rias"},"content":{"rendered":"\n<p>At\u00e9 o dia 20\/07 (s\u00e1bado), os RUs funcionar\u00e3o normalmente.<\/p>\n<p>Entre os dias 22\/07 e 26\/07 ser\u00e3o servidas refei\u00e7\u00f5es nos RUs Campus I e Centro, nos hor\u00e1rios normais das refei\u00e7\u00f5es. Todos os usu\u00e1rios est\u00e3o autorizados para utilizarem o RU nesta semana, bastando realizar o agendamento.<\/p>\n<p>Do dia 29\/07 at\u00e9 02\/08 o RU estar\u00e1 fechado para realiza\u00e7\u00e3o de reformas e manuten\u00e7\u00e3o, bem como capacita\u00e7\u00e3o dos funcion\u00e1rios, realizada pela administra\u00e7\u00e3o do Restaurante em conjunto com a PROGEP.<\/p>\n<p>Para a semana em que o RU ficar\u00e1 fechado ser\u00e1 feita distribui\u00e7\u00e3o na sexta-feira (26\/07), com agendamento at\u00e9 as 09:00 de ter\u00e7a-feira (23\/07), tanto para o RU Campus I quando RU Centro. Mais informa\u00e7\u00f5es sobre a distribui\u00e7\u00e3o ser\u00e3o divulgadas em breve.<\/p>\n<p>No dia 05\/08, in\u00edcio do 2\u00ba semestre, o RU volta com atendimento normal.<\/p>\n<p>Para maiores informa\u00e7\u00f5es procurar a secretaria do Restaurante.<\/p>\n<p>\u00a0<\/p>\n","protected":false},"excerpt":{"rendered":"<p>At\u00e9 o dia 20\/07 (s\u00e1bado), os RUs funcionar\u00e3o normalmente. Entre os dias 22\/07 e 26\/07 ser\u00e3o servidas refei\u00e7\u00f5es nos RUs Campus I e Centro, nos hor\u00e1rios normais das refei\u00e7\u00f5es. Todos os usu\u00e1rios est\u00e3o autorizados para utilizarem o RU nesta semana, bastando realizar o agendamento. Do dia 29\/07 at\u00e9 02\/08 o RU estar\u00e1 fechado para realiza\u00e7\u00e3o [&hellip;]<\/p>\n","protected":false},"author":322,"featured_media":0,"comment_status":"closed","ping_status":"closed","sticky":false,"template":"","format":"standard","meta":{"footnotes":""},"categories":[1],"tags":[],"class_list":["post-407","post","type-post","status-publish","format-standard","hentry","category-noticias"],"acf":[],"_links":{"self":[{"href":"https:\/\/www.ufsm.br\/orgaos-suplementares\/ru\/wp-json\/wp\/v2\/posts\/407","targetHints":{"allow":["GET"]}}],"collection":[{"href":"https:\/\/www.ufsm.br\/orgaos-suplementares\/ru\/wp-json\/wp\/v2\/posts"}],"about":[{"href":"https:\/\/www.ufsm.br\/orgaos-suplementares\/ru\/wp-json\/wp\/v2\/types\/post"}],"author":[{"embeddable":true,"href":"https:\/\/www.ufsm.br\/orgaos-suplementares\/ru\/wp-json\/wp\/v2\/users\/322"}],"replies":[{"embeddable":true,"href":"https:\/\/www.ufsm.br\/orgaos-suplementares\/ru\/wp-json\/wp\/v2\/comments?post=407"}],"version-history":[{"count":0,"href":"https:\/\/www.ufsm.br\/orgaos-suplementares\/ru\/wp-json\/wp\/v2\/posts\/407\/revisions"}],"wp:attachment":[{"href":"https:\/\/www.ufsm.br\/orgaos-suplementares\/ru\/wp-json\/wp\/v2\/media?parent=407"}],"wp:term":[{"taxonomy":"category","embeddable":true,"href":"https:\/\/www.ufsm.br\/orgaos-suplementares\/ru\/wp-json\/wp\/v2\/categories?post=407"},{"taxonomy":"post_tag","embeddable":true,"href":"https:\/\/www.ufsm.br\/orgaos-suplementares\/ru\/wp-json\/wp\/v2\/tags?post=407"}],"curies":[{"name":"wp","href":"https:\/\/api.w.org\/{rel}","templated":true}]}}