{"id":409,"date":"2019-07-22T09:50:21","date_gmt":"2019-07-22T12:50:21","guid":{"rendered":"https:\/\/www.ufsm.br\/orgaos-suplementares\/ru\/?p=409"},"modified":"2019-07-22T09:50:24","modified_gmt":"2019-07-22T12:50:24","slug":"ru-nao-servira-almoco-nesta-segunda-feira-2","status":"publish","type":"post","link":"https:\/\/www.ufsm.br\/orgaos-suplementares\/ru\/2019\/07\/22\/ru-nao-servira-almoco-nesta-segunda-feira-2","title":{"rendered":"RU n\u00e3o servir\u00e1 almo\u00e7o nesta segunda-feira"},"content":{"rendered":"\n<p>A dire\u00e7\u00e3o do RU informa que, devido a falta de energia el\u00e9trica no Campus da UFSM, n\u00e3o ser\u00e1 servido almo\u00e7o nesta segunda-feira (22\/07) em nenhum dos Restaurantes.<\/p>\n","protected":false},"excerpt":{"rendered":"<p>A dire\u00e7\u00e3o do RU informa que, devido a falta de energia el\u00e9trica no Campus da UFSM, n\u00e3o ser\u00e1 servido almo\u00e7o nesta segunda-feira (22\/07) em nenhum dos Restaurantes.<\/p>\n","protected":false},"author":322,"featured_media":0,"comment_status":"closed","ping_status":"closed","sticky":false,"template":"","format":"standard","meta":{"footnotes":""},"categories":[1],"tags":[],"class_list":["post-409","post","type-post","status-publish","format-standard","hentry","category-noticias"],"acf":[],"_links":{"self":[{"href":"https:\/\/www.ufsm.br\/orgaos-suplementares\/ru\/wp-json\/wp\/v2\/posts\/409","targetHints":{"allow":["GET"]}}],"collection":[{"href":"https:\/\/www.ufsm.br\/orgaos-suplementares\/ru\/wp-json\/wp\/v2\/posts"}],"about":[{"href":"https:\/\/www.ufsm.br\/orgaos-suplementares\/ru\/wp-json\/wp\/v2\/types\/post"}],"author":[{"embeddable":true,"href":"https:\/\/www.ufsm.br\/orgaos-suplementares\/ru\/wp-json\/wp\/v2\/users\/322"}],"replies":[{"embeddable":true,"href":"https:\/\/www.ufsm.br\/orgaos-suplementares\/ru\/wp-json\/wp\/v2\/comments?post=409"}],"version-history":[{"count":0,"href":"https:\/\/www.ufsm.br\/orgaos-suplementares\/ru\/wp-json\/wp\/v2\/posts\/409\/revisions"}],"wp:attachment":[{"href":"https:\/\/www.ufsm.br\/orgaos-suplementares\/ru\/wp-json\/wp\/v2\/media?parent=409"}],"wp:term":[{"taxonomy":"category","embeddable":true,"href":"https:\/\/www.ufsm.br\/orgaos-suplementares\/ru\/wp-json\/wp\/v2\/categories?post=409"},{"taxonomy":"post_tag","embeddable":true,"href":"https:\/\/www.ufsm.br\/orgaos-suplementares\/ru\/wp-json\/wp\/v2\/tags?post=409"}],"curies":[{"name":"wp","href":"https:\/\/api.w.org\/{rel}","templated":true}]}}