{"id":410,"date":"2019-07-30T15:04:41","date_gmt":"2019-07-30T18:04:41","guid":{"rendered":"https:\/\/www.ufsm.br\/orgaos-suplementares\/ru\/?p=410"},"modified":"2019-08-02T08:16:09","modified_gmt":"2019-08-02T11:16:09","slug":"secretaria-do-ru-nao-tera-expediente-nos-dias-31-07-e-01-08","status":"publish","type":"post","link":"https:\/\/www.ufsm.br\/orgaos-suplementares\/ru\/2019\/07\/30\/secretaria-do-ru-nao-tera-expediente-nos-dias-31-07-e-01-08","title":{"rendered":"Secretaria do RU n\u00e3o ter\u00e1 expediente nos dias 31\/07 e 01\/08"},"content":{"rendered":"\n<p style=\"text-align: justify\">Em fun\u00e7\u00e3o do Curso de Capacita\u00e7\u00e3o que ser\u00e1 realizado para todos os colaborados dos RUs, n\u00e3o haver\u00e1 expediente na secretaria do Restaurante nos dias 31\/07 e 01\/08.<\/p>\n<p style=\"text-align: justify\">Na sexta-feira o expediente da secretaria ser\u00e1 das 08h as 16h.<\/p>\n","protected":false},"excerpt":{"rendered":"<p>N\u00e3o haver\u00e1 expediente na secretaria do Restaurante nos dias 31\/07 e 01\/08.<\/p>\n","protected":false},"author":323,"featured_media":0,"comment_status":"closed","ping_status":"closed","sticky":false,"template":"","format":"standard","meta":{"footnotes":""},"categories":[1],"tags":[],"class_list":["post-410","post","type-post","status-publish","format-standard","hentry","category-noticias"],"acf":[],"_links":{"self":[{"href":"https:\/\/www.ufsm.br\/orgaos-suplementares\/ru\/wp-json\/wp\/v2\/posts\/410","targetHints":{"allow":["GET"]}}],"collection":[{"href":"https:\/\/www.ufsm.br\/orgaos-suplementares\/ru\/wp-json\/wp\/v2\/posts"}],"about":[{"href":"https:\/\/www.ufsm.br\/orgaos-suplementares\/ru\/wp-json\/wp\/v2\/types\/post"}],"author":[{"embeddable":true,"href":"https:\/\/www.ufsm.br\/orgaos-suplementares\/ru\/wp-json\/wp\/v2\/users\/323"}],"replies":[{"embeddable":true,"href":"https:\/\/www.ufsm.br\/orgaos-suplementares\/ru\/wp-json\/wp\/v2\/comments?post=410"}],"version-history":[{"count":0,"href":"https:\/\/www.ufsm.br\/orgaos-suplementares\/ru\/wp-json\/wp\/v2\/posts\/410\/revisions"}],"wp:attachment":[{"href":"https:\/\/www.ufsm.br\/orgaos-suplementares\/ru\/wp-json\/wp\/v2\/media?parent=410"}],"wp:term":[{"taxonomy":"category","embeddable":true,"href":"https:\/\/www.ufsm.br\/orgaos-suplementares\/ru\/wp-json\/wp\/v2\/categories?post=410"},{"taxonomy":"post_tag","embeddable":true,"href":"https:\/\/www.ufsm.br\/orgaos-suplementares\/ru\/wp-json\/wp\/v2\/tags?post=410"}],"curies":[{"name":"wp","href":"https:\/\/api.w.org\/{rel}","templated":true}]}}