{"id":411,"date":"2019-08-08T11:23:55","date_gmt":"2019-08-08T14:23:55","guid":{"rendered":"https:\/\/www.ufsm.br\/orgaos-suplementares\/ru\/?p=411"},"modified":"2019-08-08T11:24:00","modified_gmt":"2019-08-08T14:24:00","slug":"funcionamento-do-ru-no-dia-13-08","status":"publish","type":"post","link":"https:\/\/www.ufsm.br\/orgaos-suplementares\/ru\/2019\/08\/08\/funcionamento-do-ru-no-dia-13-08","title":{"rendered":"Funcionamento do RU no dia 13\/08"},"content":{"rendered":"\n<p>A Dire\u00e7\u00e3o do RU informa que, em raz\u00e3o da paralisa\u00e7\u00e3o dos servidores T\u00e9cnico-administrativos em Educa\u00e7\u00e3o, marcada para\u00a0 o dia 13\/08 (ter\u00e7a-feira), ser\u00e1 servido apenas almo\u00e7o no RU -Campus II para alunos com BSE e demais formas de gratuidade.<\/p>\n<p>\u00a0<\/p>\n","protected":false},"excerpt":{"rendered":"<p>A Dire\u00e7\u00e3o do RU informa que, em raz\u00e3o da paralisa\u00e7\u00e3o dos servidores T\u00e9cnico-administrativos em Educa\u00e7\u00e3o, marcada para\u00a0 o dia 13\/08 (ter\u00e7a-feira), ser\u00e1 servido apenas almo\u00e7o no RU -Campus II para alunos com BSE e demais formas de gratuidade. \u00a0<\/p>\n","protected":false},"author":322,"featured_media":0,"comment_status":"closed","ping_status":"closed","sticky":false,"template":"","format":"standard","meta":{"footnotes":""},"categories":[1],"tags":[],"class_list":["post-411","post","type-post","status-publish","format-standard","hentry","category-noticias"],"acf":[],"_links":{"self":[{"href":"https:\/\/www.ufsm.br\/orgaos-suplementares\/ru\/wp-json\/wp\/v2\/posts\/411","targetHints":{"allow":["GET"]}}],"collection":[{"href":"https:\/\/www.ufsm.br\/orgaos-suplementares\/ru\/wp-json\/wp\/v2\/posts"}],"about":[{"href":"https:\/\/www.ufsm.br\/orgaos-suplementares\/ru\/wp-json\/wp\/v2\/types\/post"}],"author":[{"embeddable":true,"href":"https:\/\/www.ufsm.br\/orgaos-suplementares\/ru\/wp-json\/wp\/v2\/users\/322"}],"replies":[{"embeddable":true,"href":"https:\/\/www.ufsm.br\/orgaos-suplementares\/ru\/wp-json\/wp\/v2\/comments?post=411"}],"version-history":[{"count":0,"href":"https:\/\/www.ufsm.br\/orgaos-suplementares\/ru\/wp-json\/wp\/v2\/posts\/411\/revisions"}],"wp:attachment":[{"href":"https:\/\/www.ufsm.br\/orgaos-suplementares\/ru\/wp-json\/wp\/v2\/media?parent=411"}],"wp:term":[{"taxonomy":"category","embeddable":true,"href":"https:\/\/www.ufsm.br\/orgaos-suplementares\/ru\/wp-json\/wp\/v2\/categories?post=411"},{"taxonomy":"post_tag","embeddable":true,"href":"https:\/\/www.ufsm.br\/orgaos-suplementares\/ru\/wp-json\/wp\/v2\/tags?post=411"}],"curies":[{"name":"wp","href":"https:\/\/api.w.org\/{rel}","templated":true}]}}