{"id":425,"date":"2019-10-14T16:27:42","date_gmt":"2019-10-14T19:27:42","guid":{"rendered":"https:\/\/www.ufsm.br\/orgaos-suplementares\/ru\/?p=425"},"modified":"2019-10-14T16:27:46","modified_gmt":"2019-10-14T19:27:46","slug":"funcionamento-na-semana-da-jai","status":"publish","type":"post","link":"https:\/\/www.ufsm.br\/orgaos-suplementares\/ru\/2019\/10\/14\/funcionamento-na-semana-da-jai","title":{"rendered":"Funcionamento na Semana da JAI"},"content":{"rendered":"\n<p style=\"text-align: justify\">A Dire\u00e7\u00e3o do RU informa que na pr\u00f3xima semana (21 a 25 de outubro), que acontecer\u00e1 a JAI, n\u00e3o ser\u00e1 servido jantar, devido \u00e0 realiza\u00e7\u00e3o de cursos de capacita\u00e7\u00e3o dos nossos colaboradores.\u00a0<\/p>\n<p style=\"text-align: justify\">Ser\u00e1 servido o desjejum normalmente no RU Campus e Centro, e o almo\u00e7o ter\u00e1 hor\u00e1rio reluzido, at\u00e9 \u00e0s 13 horas.<\/p>\n<p style=\"text-align: justify\">O RU Campus II n\u00e3o servir\u00e1 refei\u00e7\u00e3o.<\/p>\n<p style=\"text-align: justify\">Ser\u00e1 realizada distribui\u00e7\u00e3o para suprir os jantares da semana.<\/p>\n<p style=\"text-align: justify\">No s\u00e1bado, dia 26\/10, o funcionamento voltar\u00e1 ao normal, com caf\u00e9, almo\u00e7o, janta e distribui\u00e7\u00e3o.<\/p>\n","protected":false},"excerpt":{"rendered":"<p>A Dire\u00e7\u00e3o do RU informa que na pr\u00f3xima semana (21 a 25 de outubro), que acontecer\u00e1 a JAI, n\u00e3o ser\u00e1 servido jantar, devido \u00e0 realiza\u00e7\u00e3o de cursos de capacita\u00e7\u00e3o dos nossos colaboradores.\u00a0 Ser\u00e1 servido o desjejum normalmente no RU Campus e Centro, e o almo\u00e7o ter\u00e1 hor\u00e1rio reluzido, at\u00e9 \u00e0s 13 horas. O RU Campus [&hellip;]<\/p>\n","protected":false},"author":321,"featured_media":0,"comment_status":"closed","ping_status":"closed","sticky":false,"template":"","format":"standard","meta":{"footnotes":""},"categories":[1],"tags":[],"class_list":["post-425","post","type-post","status-publish","format-standard","hentry","category-noticias"],"acf":[],"_links":{"self":[{"href":"https:\/\/www.ufsm.br\/orgaos-suplementares\/ru\/wp-json\/wp\/v2\/posts\/425","targetHints":{"allow":["GET"]}}],"collection":[{"href":"https:\/\/www.ufsm.br\/orgaos-suplementares\/ru\/wp-json\/wp\/v2\/posts"}],"about":[{"href":"https:\/\/www.ufsm.br\/orgaos-suplementares\/ru\/wp-json\/wp\/v2\/types\/post"}],"author":[{"embeddable":true,"href":"https:\/\/www.ufsm.br\/orgaos-suplementares\/ru\/wp-json\/wp\/v2\/users\/321"}],"replies":[{"embeddable":true,"href":"https:\/\/www.ufsm.br\/orgaos-suplementares\/ru\/wp-json\/wp\/v2\/comments?post=425"}],"version-history":[{"count":0,"href":"https:\/\/www.ufsm.br\/orgaos-suplementares\/ru\/wp-json\/wp\/v2\/posts\/425\/revisions"}],"wp:attachment":[{"href":"https:\/\/www.ufsm.br\/orgaos-suplementares\/ru\/wp-json\/wp\/v2\/media?parent=425"}],"wp:term":[{"taxonomy":"category","embeddable":true,"href":"https:\/\/www.ufsm.br\/orgaos-suplementares\/ru\/wp-json\/wp\/v2\/categories?post=425"},{"taxonomy":"post_tag","embeddable":true,"href":"https:\/\/www.ufsm.br\/orgaos-suplementares\/ru\/wp-json\/wp\/v2\/tags?post=425"}],"curies":[{"name":"wp","href":"https:\/\/api.w.org\/{rel}","templated":true}]}}