{"id":429,"date":"2019-10-14T16:45:14","date_gmt":"2019-10-14T19:45:14","guid":{"rendered":"https:\/\/www.ufsm.br\/orgaos-suplementares\/ru\/?p=429"},"modified":"2019-10-14T16:55:42","modified_gmt":"2019-10-14T19:55:42","slug":"distribuicao-para-a-semana-da-jai-e-feriado-do-dia-28-10","status":"publish","type":"post","link":"https:\/\/www.ufsm.br\/orgaos-suplementares\/ru\/2019\/10\/14\/distribuicao-para-a-semana-da-jai-e-feriado-do-dia-28-10","title":{"rendered":"Distribui\u00e7\u00e3o para a Semana da JAI e Feriado do Dia 28\/10"},"content":{"rendered":"\n<p style=\"text-align: justify\">Ser\u00e1 realizada distribui\u00e7\u00e3o para os jantares da semana de 21 a 25 de outubro e para o feirado do dia 28 de outubro, Dia do Servidor P\u00fablico, conforme cronograma abaixo:<\/p>\n<p style=\"text-align: justify\"><strong>RU CAMPUS<\/strong><\/p>\n<ol style=\"text-align: justify\">\n<li>Agendamento at\u00e9 17\/10, quinta-feira, \u00e0s 9 horas.<\/li>\n<\/ol>\n<p style=\"text-align: justify\">Retirada no dia 19\/10, s\u00e1bado, das 16 \u00e0s 17 horas.<\/p>\n<p style=\"text-align: justify\">Referente \u00e0 08 (oito) refei\u00e7\u00f5es.<\/p>\n<p style=\"text-align: justify\">\u00a0 \u00a0 \u00a02. Agendamento at\u00e9 24\/10, quinta-feira, \u00e0s 9 horas.<\/p>\n<p style=\"text-align: justify\">Retirada no dia 26\/10, s\u00e1bado, das 16 \u00e0s 17 horas.<\/p>\n<p style=\"text-align: justify\">Referente \u00e0 06 (seis) refei\u00e7\u00f5es.<\/p>\n<p style=\"text-align: justify\"><strong>RU CENTRO<\/strong><\/p>\n<ol style=\"text-align: justify\">\n<li>Agendamento at\u00e9 17\/10, quinta-feira, \u00e0s 9 horas.<\/li>\n<\/ol>\n<p style=\"text-align: justify\">Retirada no dia 18\/10, sexta-feira, no hor\u00e1rio normal.<\/p>\n<p style=\"text-align: justify\">Referente \u00e0 11 (onze) refei\u00e7\u00f5es.<\/p>\n<p style=\"text-align: justify\">\u00a0 \u00a0 \u00a0 2. Agendamento at\u00e9 24\/10, quinta-feira, \u00e0s 9 horas.<\/p>\n<p style=\"text-align: justify\">Retirada no dia 25\/10, sexta-feira, no hor\u00e1rio do almo\u00e7o, das 11 \u00e0s 13 horas.<\/p>\n<p style=\"text-align: justify\">Referente \u00e0 09 (nove) refei\u00e7\u00f5es.<\/p>\n<p style=\"text-align: justify\">Problemas com agendamento, entrar em contato com a secretaria dentro do prazo.<\/p>\n<p style=\"text-align: justify\">\u00a0<\/p>\n<p>\u00a0<\/p>\n","protected":false},"excerpt":{"rendered":"<p>Ser\u00e1 realizada distribui\u00e7\u00e3o para os jantares da semana de 21 a 25 de outubro e para o feirado do dia 28 de outubro, Dia do Servidor P\u00fablico, conforme cronograma abaixo: RU CAMPUS Agendamento at\u00e9 17\/10, quinta-feira, \u00e0s 9 horas. Retirada no dia 19\/10, s\u00e1bado, das 16 \u00e0s 17 horas. Referente \u00e0 08 (oito) refei\u00e7\u00f5es. \u00a0 [&hellip;]<\/p>\n","protected":false},"author":321,"featured_media":0,"comment_status":"closed","ping_status":"closed","sticky":false,"template":"","format":"standard","meta":{"footnotes":""},"categories":[1],"tags":[],"class_list":["post-429","post","type-post","status-publish","format-standard","hentry","category-noticias"],"acf":[],"_links":{"self":[{"href":"https:\/\/www.ufsm.br\/orgaos-suplementares\/ru\/wp-json\/wp\/v2\/posts\/429","targetHints":{"allow":["GET"]}}],"collection":[{"href":"https:\/\/www.ufsm.br\/orgaos-suplementares\/ru\/wp-json\/wp\/v2\/posts"}],"about":[{"href":"https:\/\/www.ufsm.br\/orgaos-suplementares\/ru\/wp-json\/wp\/v2\/types\/post"}],"author":[{"embeddable":true,"href":"https:\/\/www.ufsm.br\/orgaos-suplementares\/ru\/wp-json\/wp\/v2\/users\/321"}],"replies":[{"embeddable":true,"href":"https:\/\/www.ufsm.br\/orgaos-suplementares\/ru\/wp-json\/wp\/v2\/comments?post=429"}],"version-history":[{"count":0,"href":"https:\/\/www.ufsm.br\/orgaos-suplementares\/ru\/wp-json\/wp\/v2\/posts\/429\/revisions"}],"wp:attachment":[{"href":"https:\/\/www.ufsm.br\/orgaos-suplementares\/ru\/wp-json\/wp\/v2\/media?parent=429"}],"wp:term":[{"taxonomy":"category","embeddable":true,"href":"https:\/\/www.ufsm.br\/orgaos-suplementares\/ru\/wp-json\/wp\/v2\/categories?post=429"},{"taxonomy":"post_tag","embeddable":true,"href":"https:\/\/www.ufsm.br\/orgaos-suplementares\/ru\/wp-json\/wp\/v2\/tags?post=429"}],"curies":[{"name":"wp","href":"https:\/\/api.w.org\/{rel}","templated":true}]}}