{"id":434,"date":"2019-10-29T13:27:03","date_gmt":"2019-10-29T16:27:03","guid":{"rendered":"https:\/\/www.ufsm.br\/orgaos-suplementares\/ru\/?p=434"},"modified":"2019-10-29T13:27:06","modified_gmt":"2019-10-29T16:27:06","slug":"distribuicao-para-o-feriado-02-11-sabado","status":"publish","type":"post","link":"https:\/\/www.ufsm.br\/orgaos-suplementares\/ru\/2019\/10\/29\/distribuicao-para-o-feriado-02-11-sabado","title":{"rendered":"Distribui\u00e7\u00e3o para o feriado: 02\/11, s\u00e1bado"},"content":{"rendered":"\n<div class=\"edit-post-visual-editor editor-styles-wrapper\">\n<div class=\"editor-writing-flow block-editor-writing-flow\">\n<div>\n<div>\n<div>\n<div class=\"editor-block-list__layout block-editor-block-list__layout\">\n<div id=\"block-dd396647-fb1c-4e09-99fe-9490965dd132\" class=\"wp-block editor-block-list__block block-editor-block-list__block is-selected\" data-type=\"tadv\/classic-paragraph\" aria-label=\"Bloco: Par\u00e1grafo cl\u00e1ssico\">\n<div class=\"editor-block-list__block-edit block-editor-block-list__block-edit\">\n<div data-block=\"dd396647-fb1c-4e09-99fe-9490965dd132\">\n<div id=\"editor-dd396647-fb1c-4e09-99fe-9490965dd132\" class=\"wp-block-freeform block-library-rich-text__tinymce tma-classic-paragraph mce-content-body html5-captions mce-edit-focus\" dir=\"ltr\">\n<p>Ser\u00e1 realizada distribui\u00e7\u00e3o para o feriado de 02 de novembro na sexta-feira (01\/11), com agendamento at\u00e9 \u00e0s 09:00h de quarta-feira (30\/10), no RU Campus 1 e RU Centro<\/p>\n<p>Hor\u00e1rio de retirada:<\/p>\n<ul>\n<li>RU Campus I: 15h at\u00e9 16h<\/li>\n<li>RU Centro: 16h30min at\u00e9 17h30min<\/li>\n<\/ul>\n<p><strong>Obs: como esta distribui\u00e7\u00e3o ser\u00e1 em dia de semana, excepcionalmente os usu\u00e1rios estar\u00e3o autorizados a retirarem a sua distribui\u00e7\u00e3o e de mais um colega sem necessidade de pegar autoriza\u00e7\u00e3o na secretaria. Assim, cada usu\u00e1rio poder\u00e1 retirar at\u00e9 duas distribui\u00e7\u00f5es.<\/strong><\/p>\n<p>Para outros casos, procurar a secretaria para avalia\u00e7\u00e3o.<\/p>\n<p>Problemas com agendamento, entrar em contato com a secretaria dentro do prazo.<\/p>\n<\/div>\n<\/div>\n<\/div>\n<\/div>\n<div>\u00a0<\/div>\n<\/div>\n<\/div>\n<\/div>\n<\/div>\n<div class=\"wp-block editor-writing-flow__click-redirect block-editor-writing-flow__click-redirect\" aria-hidden=\"true\">\u00a0<\/div>\n<\/div>\n<\/div>\n<div class=\"edit-post-layout__metaboxes\">\n<div class=\"edit-post-meta-boxes-area is-normal\">\n<div class=\"edit-post-meta-boxes-area__container\">\n<div id=\"poststuff\" class=\"sidebar-open\">\n<div id=\"postbox-container-2\" class=\"postbox-container\">\n<div id=\"normal-sortables\" class=\"meta-box-sortables ui-sortable\">\n<div id=\"wpseo_meta\" class=\"postbox yoast wpseo-metabox\">\u00a0<\/div>\n<\/div>\n<\/div>\n<\/div>\n<\/div>\n<\/div>\n<\/div>\n","protected":false},"excerpt":{"rendered":"<p>Ser\u00e1 realizada distribui\u00e7\u00e3o para o feriado de 02 de novembro na sexta-feira (01\/11), com agendamento at\u00e9 \u00e0s 09:00h de quarta-feira (30\/10), no RU Campus 1 e RU Centro Hor\u00e1rio de retirada: RU Campus I: 15h at\u00e9 16h RU Centro: 16h30min at\u00e9 17h30min Obs: como esta distribui\u00e7\u00e3o ser\u00e1 em dia de semana, excepcionalmente os usu\u00e1rios estar\u00e3o [&hellip;]<\/p>\n","protected":false},"author":321,"featured_media":0,"comment_status":"closed","ping_status":"closed","sticky":false,"template":"","format":"standard","meta":{"footnotes":""},"categories":[1],"tags":[],"class_list":["post-434","post","type-post","status-publish","format-standard","hentry","category-noticias"],"acf":[],"_links":{"self":[{"href":"https:\/\/www.ufsm.br\/orgaos-suplementares\/ru\/wp-json\/wp\/v2\/posts\/434","targetHints":{"allow":["GET"]}}],"collection":[{"href":"https:\/\/www.ufsm.br\/orgaos-suplementares\/ru\/wp-json\/wp\/v2\/posts"}],"about":[{"href":"https:\/\/www.ufsm.br\/orgaos-suplementares\/ru\/wp-json\/wp\/v2\/types\/post"}],"author":[{"embeddable":true,"href":"https:\/\/www.ufsm.br\/orgaos-suplementares\/ru\/wp-json\/wp\/v2\/users\/321"}],"replies":[{"embeddable":true,"href":"https:\/\/www.ufsm.br\/orgaos-suplementares\/ru\/wp-json\/wp\/v2\/comments?post=434"}],"version-history":[{"count":0,"href":"https:\/\/www.ufsm.br\/orgaos-suplementares\/ru\/wp-json\/wp\/v2\/posts\/434\/revisions"}],"wp:attachment":[{"href":"https:\/\/www.ufsm.br\/orgaos-suplementares\/ru\/wp-json\/wp\/v2\/media?parent=434"}],"wp:term":[{"taxonomy":"category","embeddable":true,"href":"https:\/\/www.ufsm.br\/orgaos-suplementares\/ru\/wp-json\/wp\/v2\/categories?post=434"},{"taxonomy":"post_tag","embeddable":true,"href":"https:\/\/www.ufsm.br\/orgaos-suplementares\/ru\/wp-json\/wp\/v2\/tags?post=434"}],"curies":[{"name":"wp","href":"https:\/\/api.w.org\/{rel}","templated":true}]}}