{"id":435,"date":"2019-11-06T17:03:39","date_gmt":"2019-11-06T20:03:39","guid":{"rendered":"https:\/\/www.ufsm.br\/orgaos-suplementares\/ru\/?p=435"},"modified":"2019-11-06T17:03:42","modified_gmt":"2019-11-06T20:03:42","slug":"ru-campus-i-nao-servira-o-jantar-de-hoje-06-11","status":"publish","type":"post","link":"https:\/\/www.ufsm.br\/orgaos-suplementares\/ru\/2019\/11\/06\/ru-campus-i-nao-servira-o-jantar-de-hoje-06-11","title":{"rendered":"RU Campus I n\u00e3o servir\u00e1 o jantar de hoje (06\/11)"},"content":{"rendered":"\n<p>Em virtude da manuten\u00e7\u00e3o emergencial realizada na rede de \u00e1gua, n\u00e3o ser\u00e1 servido o jantar de hoje (06\/11) no RU Campus I. O RU Centro atender\u00e1 normalmente.<\/p>\n<p>Lamentamos o transtorno.<\/p>\n<p>A Dire\u00e7\u00e3o<\/p>\n<p>\u00a0<\/p>\n","protected":false},"excerpt":{"rendered":"<p>Em virtude da manuten\u00e7\u00e3o emergencial realizada na rede de \u00e1gua, n\u00e3o ser\u00e1 servido o jantar de hoje (06\/11) no RU Campus I. O RU Centro atender\u00e1 normalmente. Lamentamos o transtorno. A Dire\u00e7\u00e3o \u00a0<\/p>\n","protected":false},"author":323,"featured_media":0,"comment_status":"closed","ping_status":"closed","sticky":false,"template":"","format":"standard","meta":{"footnotes":""},"categories":[1],"tags":[],"class_list":["post-435","post","type-post","status-publish","format-standard","hentry","category-noticias"],"acf":[],"_links":{"self":[{"href":"https:\/\/www.ufsm.br\/orgaos-suplementares\/ru\/wp-json\/wp\/v2\/posts\/435","targetHints":{"allow":["GET"]}}],"collection":[{"href":"https:\/\/www.ufsm.br\/orgaos-suplementares\/ru\/wp-json\/wp\/v2\/posts"}],"about":[{"href":"https:\/\/www.ufsm.br\/orgaos-suplementares\/ru\/wp-json\/wp\/v2\/types\/post"}],"author":[{"embeddable":true,"href":"https:\/\/www.ufsm.br\/orgaos-suplementares\/ru\/wp-json\/wp\/v2\/users\/323"}],"replies":[{"embeddable":true,"href":"https:\/\/www.ufsm.br\/orgaos-suplementares\/ru\/wp-json\/wp\/v2\/comments?post=435"}],"version-history":[{"count":0,"href":"https:\/\/www.ufsm.br\/orgaos-suplementares\/ru\/wp-json\/wp\/v2\/posts\/435\/revisions"}],"wp:attachment":[{"href":"https:\/\/www.ufsm.br\/orgaos-suplementares\/ru\/wp-json\/wp\/v2\/media?parent=435"}],"wp:term":[{"taxonomy":"category","embeddable":true,"href":"https:\/\/www.ufsm.br\/orgaos-suplementares\/ru\/wp-json\/wp\/v2\/categories?post=435"},{"taxonomy":"post_tag","embeddable":true,"href":"https:\/\/www.ufsm.br\/orgaos-suplementares\/ru\/wp-json\/wp\/v2\/tags?post=435"}],"curies":[{"name":"wp","href":"https:\/\/api.w.org\/{rel}","templated":true}]}}