{"id":440,"date":"2019-11-30T17:28:00","date_gmt":"2019-11-30T20:28:00","guid":{"rendered":"https:\/\/www.ufsm.br\/orgaos-suplementares\/ru\/?p=440"},"modified":"2019-11-30T18:21:13","modified_gmt":"2019-11-30T21:21:13","slug":"distribuicao-para-o-jantar-do-dia-06-12-e-final-de-semana","status":"publish","type":"post","link":"https:\/\/www.ufsm.br\/orgaos-suplementares\/ru\/2019\/11\/30\/distribuicao-para-o-jantar-do-dia-06-12-e-final-de-semana","title":{"rendered":"Distribui\u00e7\u00e3o para o jantar do dia 06\/12 e final de semana"},"content":{"rendered":"\n<p style=\"text-align: justify\">Ser\u00e1 realizada distribui\u00e7\u00e3o no dia 05 de dezembro, na quinta-feira, com agendamento at\u00e9 \u00e0s 9h de ter\u00e7a-feira (03\/12), no RU Campus I e RU Centro.<\/p>\n<p style=\"text-align: justify\"><strong>RU CAMPUS I<\/strong><br \/>Retirada no dia 05\/12, quinta-feira, das 15 \u00e0s 16 horas.<br \/>Referente \u00e0 04 (quatro) refei\u00e7\u00f5es (jantar de sexta-feira e tr\u00eas refei\u00e7\u00f5es de domingo)<br \/>No s\u00e1bado dia 07\/12 o RU Campus I atender\u00e1 normalmente.<\/p>\n<p style=\"text-align: justify\"><strong>RU CENTRO<\/strong><br \/>Retirada no dia 05\/12, quinta-feira, 16h30 as 17h30.<br \/>Referente \u00e0 7 (sete) refei\u00e7\u00f5es (jantar de sexta-feira e tr\u00eas refei\u00e7\u00f5es de s\u00e1bado e domingo)<\/p>\n<p style=\"text-align: justify\"><strong>Obs: como esta distribui\u00e7\u00e3o ser\u00e1 em dia de semana, excepcionalmente, os usu\u00e1rios estar\u00e3o autorizados a retirarem a sua distribui\u00e7\u00e3o e de mais um colega sem necessidade de pegar autoriza\u00e7\u00e3o na secretaria. Assim, cada usu\u00e1rio poder\u00e1 retirar at\u00e9 duas distribui\u00e7\u00f5es.<\/strong><\/p>\n<p style=\"text-align: justify\">Para outros casos, procurar a secretaria para avalia\u00e7\u00e3o.<\/p>\n<p style=\"text-align: justify\">Problemas com agendamento, entrar em contato com a secretaria dentro do prazo.<\/p>\n","protected":false},"excerpt":{"rendered":"<p>Ser\u00e1 realizada distribui\u00e7\u00e3o no dia 05 de dezembro, na quinta-feira, com agendamento at\u00e9 \u00e0s 9h de ter\u00e7a-feira (03\/12), no RU Campus I e RU Centro. RU CAMPUS IRetirada no dia 05\/12, quinta-feira, das 15 \u00e0s 16 horas.Referente \u00e0 04 (quatro) refei\u00e7\u00f5es (jantar de sexta-feira e tr\u00eas refei\u00e7\u00f5es de domingo)No s\u00e1bado dia 07\/12 o RU Campus [&hellip;]<\/p>\n","protected":false},"author":323,"featured_media":0,"comment_status":"closed","ping_status":"closed","sticky":false,"template":"","format":"standard","meta":{"footnotes":""},"categories":[1],"tags":[],"class_list":["post-440","post","type-post","status-publish","format-standard","hentry","category-noticias"],"acf":[],"_links":{"self":[{"href":"https:\/\/www.ufsm.br\/orgaos-suplementares\/ru\/wp-json\/wp\/v2\/posts\/440","targetHints":{"allow":["GET"]}}],"collection":[{"href":"https:\/\/www.ufsm.br\/orgaos-suplementares\/ru\/wp-json\/wp\/v2\/posts"}],"about":[{"href":"https:\/\/www.ufsm.br\/orgaos-suplementares\/ru\/wp-json\/wp\/v2\/types\/post"}],"author":[{"embeddable":true,"href":"https:\/\/www.ufsm.br\/orgaos-suplementares\/ru\/wp-json\/wp\/v2\/users\/323"}],"replies":[{"embeddable":true,"href":"https:\/\/www.ufsm.br\/orgaos-suplementares\/ru\/wp-json\/wp\/v2\/comments?post=440"}],"version-history":[{"count":0,"href":"https:\/\/www.ufsm.br\/orgaos-suplementares\/ru\/wp-json\/wp\/v2\/posts\/440\/revisions"}],"wp:attachment":[{"href":"https:\/\/www.ufsm.br\/orgaos-suplementares\/ru\/wp-json\/wp\/v2\/media?parent=440"}],"wp:term":[{"taxonomy":"category","embeddable":true,"href":"https:\/\/www.ufsm.br\/orgaos-suplementares\/ru\/wp-json\/wp\/v2\/categories?post=440"},{"taxonomy":"post_tag","embeddable":true,"href":"https:\/\/www.ufsm.br\/orgaos-suplementares\/ru\/wp-json\/wp\/v2\/tags?post=440"}],"curies":[{"name":"wp","href":"https:\/\/api.w.org\/{rel}","templated":true}]}}