{"id":443,"date":"2019-12-04T08:30:22","date_gmt":"2019-12-04T11:30:22","guid":{"rendered":"https:\/\/www.ufsm.br\/orgaos-suplementares\/ru\/?p=443"},"modified":"2019-12-10T13:14:38","modified_gmt":"2019-12-10T16:14:38","slug":"ru-informa-sobre-o-funcionamento-do-desjejum-no-ru-centro","status":"publish","type":"post","link":"https:\/\/www.ufsm.br\/orgaos-suplementares\/ru\/2019\/12\/04\/ru-informa-sobre-o-funcionamento-do-desjejum-no-ru-centro","title":{"rendered":"RU informa sobre o funcionamento do desjejum no RU Centro"},"content":{"rendered":"\n<p style=\"text-align: justify\">Informamos que, a partir de 09 de dezembro de 2019 (segunda-feira), o caf\u00e9 da manh\u00e3 ser\u00e1 ofertado no formato de distribui\u00e7\u00e3o semanal para os moradores da CEU I, <span style=\"text-decoration: underline\">com Benef\u00edcio Socioecon\u00f4mico (BSE) ativo<\/span>.<\/p>\n<p style=\"text-align: justify\">O agendamento dever\u00e1 ser realizado semanalmente, a partir de quarta-feira at\u00e9 sexta-feira as 9h. No agendamento, os alunos dever\u00e3o marcar a op\u00e7\u00e3o refei\u00e7\u00e3o &#8216;Distribui\u00e7\u00e3o&#8217;.<\/p>\n<p style=\"text-align: justify\">A retirada ser\u00e1 nas segundas-feiras no hor\u00e1rio do jantar.<\/p>\n","protected":false},"excerpt":{"rendered":"<p>Informamos que, a partir de 09 de dezembro de 2019 (segunda-feira), o caf\u00e9 da manh\u00e3 ser\u00e1 ofertado no formato de distribui\u00e7\u00e3o semanal para os moradores da CEU I, com Benef\u00edcio Socioecon\u00f4mico (BSE) ativo. O agendamento dever\u00e1 ser realizado semanalmente, a partir de quarta-feira at\u00e9 sexta-feira as 9h. No agendamento, os alunos dever\u00e3o marcar a op\u00e7\u00e3o [&hellip;]<\/p>\n","protected":false},"author":323,"featured_media":0,"comment_status":"closed","ping_status":"closed","sticky":false,"template":"","format":"standard","meta":{"footnotes":""},"categories":[1],"tags":[],"class_list":["post-443","post","type-post","status-publish","format-standard","hentry","category-noticias"],"acf":[],"_links":{"self":[{"href":"https:\/\/www.ufsm.br\/orgaos-suplementares\/ru\/wp-json\/wp\/v2\/posts\/443","targetHints":{"allow":["GET"]}}],"collection":[{"href":"https:\/\/www.ufsm.br\/orgaos-suplementares\/ru\/wp-json\/wp\/v2\/posts"}],"about":[{"href":"https:\/\/www.ufsm.br\/orgaos-suplementares\/ru\/wp-json\/wp\/v2\/types\/post"}],"author":[{"embeddable":true,"href":"https:\/\/www.ufsm.br\/orgaos-suplementares\/ru\/wp-json\/wp\/v2\/users\/323"}],"replies":[{"embeddable":true,"href":"https:\/\/www.ufsm.br\/orgaos-suplementares\/ru\/wp-json\/wp\/v2\/comments?post=443"}],"version-history":[{"count":0,"href":"https:\/\/www.ufsm.br\/orgaos-suplementares\/ru\/wp-json\/wp\/v2\/posts\/443\/revisions"}],"wp:attachment":[{"href":"https:\/\/www.ufsm.br\/orgaos-suplementares\/ru\/wp-json\/wp\/v2\/media?parent=443"}],"wp:term":[{"taxonomy":"category","embeddable":true,"href":"https:\/\/www.ufsm.br\/orgaos-suplementares\/ru\/wp-json\/wp\/v2\/categories?post=443"},{"taxonomy":"post_tag","embeddable":true,"href":"https:\/\/www.ufsm.br\/orgaos-suplementares\/ru\/wp-json\/wp\/v2\/tags?post=443"}],"curies":[{"name":"wp","href":"https:\/\/api.w.org\/{rel}","templated":true}]}}