{"id":446,"date":"2019-12-10T10:28:55","date_gmt":"2019-12-10T13:28:55","guid":{"rendered":"https:\/\/www.ufsm.br\/orgaos-suplementares\/ru\/?p=446"},"modified":"2019-12-10T10:49:19","modified_gmt":"2019-12-10T13:49:19","slug":"distribuicao-para-os-dias-13-e-20-de-dezembro","status":"publish","type":"post","link":"https:\/\/www.ufsm.br\/orgaos-suplementares\/ru\/2019\/12\/10\/distribuicao-para-os-dias-13-e-20-de-dezembro","title":{"rendered":"Distribui\u00e7\u00e3o para os dias 13 e 20 de dezembro"},"content":{"rendered":"\n<p>Ser\u00e1 realizada distribui\u00e7\u00e3o, nos dias 13\/12 e 20\/12, conforme abaixo especificado:<\/p>\n<p><em><strong>Distribui\u00e7\u00e3o 13 de dezembro, para o fim de semana:<\/strong><\/em><\/p>\n<p>Agendamento at\u00e9 \u00e0s 9h, do dia 11\/12 (quarta-feira)<\/p>\n<p>Retirada: Dia 13\/12, sexta-feira<\/p>\n<ul>\n<li>RU Campus I: 15h at\u00e9 16h<\/li>\n<li>RU Centro: 16h30min at\u00e9 17h30min<\/li>\n<li style=\"text-align: justify\"><strong style=\"font-size: inherit\">Obs: como esta distribui\u00e7\u00e3o ser\u00e1 em dia de semana, excepcionalmente os usu\u00e1rios estar\u00e3o autorizados a retirarem a sua distribui\u00e7\u00e3o e de mais um colega sem necessidade de pegar autoriza\u00e7\u00e3o na secretaria. Assim, cada usu\u00e1rio poder\u00e1 retirar at\u00e9 duas distribui\u00e7\u00f5es.<\/strong>\n<ul>\n<li style=\"list-style-type: none\">\u00a0<\/li>\n<\/ul>\n<\/li>\n<\/ul>\n<p><em><strong>Distribui\u00e7\u00e3o 20 de dezembro, para o recesso de final de ano:<\/strong><\/em><\/p>\n<p><span style=\"font-size: inherit\">Agendamento a partir de domingo (15\/12) at\u00e9 \u00e0s 9h de ter\u00e7a-feira (17\/12)<br \/><\/span><\/p>\n<p>Retirada: Dia 20\/12, sexta-feira<\/p>\n<ul>\n<li>RU Campus I: 15h at\u00e9 16h<\/li>\n<li>RU Centro: 16h30min at\u00e9 17h30min<\/li>\n<li><span style=\"text-decoration: underline\"><strong><span style=\"color: #ff0000;text-decoration: underline\">Obs: Somente o titular poder\u00e1 retirar<\/span><\/strong><\/span>\n<p>\u00a0<\/p>\n<p>Problemas com agendamento, entrar em contato com a secretaria dentro do prazo.<\/p>\nDia 06 de janeiro, voltamos com a o atendimento no RU Campus II e RU Centro.<\/li>\n<\/ul>\n<p>\u00a0<\/p>\n\n\n\n<p class=\"wp-block-paragraph\"><\/p>\n","protected":false},"excerpt":{"rendered":"<p>Ser\u00e1 realizada distribui\u00e7\u00e3o, nos dias 13\/12 e 20\/12, conforme abaixo especificado: Distribui\u00e7\u00e3o 13 de dezembro, para o fim de semana: Agendamento at\u00e9 \u00e0s 9h, do dia 11\/12 (quarta-feira) Retirada: Dia 13\/12, sexta-feira RU Campus I: 15h at\u00e9 16h RU Centro: 16h30min at\u00e9 17h30min Obs: como esta distribui\u00e7\u00e3o ser\u00e1 em dia de semana, excepcionalmente os usu\u00e1rios [&hellip;]<\/p>\n","protected":false},"author":321,"featured_media":0,"comment_status":"closed","ping_status":"closed","sticky":false,"template":"","format":"standard","meta":{"footnotes":""},"categories":[1],"tags":[],"class_list":["post-446","post","type-post","status-publish","format-standard","hentry","category-noticias"],"acf":[],"_links":{"self":[{"href":"https:\/\/www.ufsm.br\/orgaos-suplementares\/ru\/wp-json\/wp\/v2\/posts\/446","targetHints":{"allow":["GET"]}}],"collection":[{"href":"https:\/\/www.ufsm.br\/orgaos-suplementares\/ru\/wp-json\/wp\/v2\/posts"}],"about":[{"href":"https:\/\/www.ufsm.br\/orgaos-suplementares\/ru\/wp-json\/wp\/v2\/types\/post"}],"author":[{"embeddable":true,"href":"https:\/\/www.ufsm.br\/orgaos-suplementares\/ru\/wp-json\/wp\/v2\/users\/321"}],"replies":[{"embeddable":true,"href":"https:\/\/www.ufsm.br\/orgaos-suplementares\/ru\/wp-json\/wp\/v2\/comments?post=446"}],"version-history":[{"count":0,"href":"https:\/\/www.ufsm.br\/orgaos-suplementares\/ru\/wp-json\/wp\/v2\/posts\/446\/revisions"}],"wp:attachment":[{"href":"https:\/\/www.ufsm.br\/orgaos-suplementares\/ru\/wp-json\/wp\/v2\/media?parent=446"}],"wp:term":[{"taxonomy":"category","embeddable":true,"href":"https:\/\/www.ufsm.br\/orgaos-suplementares\/ru\/wp-json\/wp\/v2\/categories?post=446"},{"taxonomy":"post_tag","embeddable":true,"href":"https:\/\/www.ufsm.br\/orgaos-suplementares\/ru\/wp-json\/wp\/v2\/tags?post=446"}],"curies":[{"name":"wp","href":"https:\/\/api.w.org\/{rel}","templated":true}]}}