{"id":449,"date":"2019-12-19T11:50:35","date_gmt":"2019-12-19T14:50:35","guid":{"rendered":"https:\/\/www.ufsm.br\/orgaos-suplementares\/ru\/?p=449"},"modified":"2019-12-20T10:33:08","modified_gmt":"2019-12-20T13:33:08","slug":"ru-informa-sobre-atendimento-no-periodo-nao-l","status":"publish","type":"post","link":"https:\/\/www.ufsm.br\/orgaos-suplementares\/ru\/2019\/12\/19\/ru-informa-sobre-atendimento-no-periodo-nao-l","title":{"rendered":"RU informa sobre atendimento no per\u00edodo n\u00e3o letivo"},"content":{"rendered":"\t\t<div data-elementor-type=\"wp-post\" data-elementor-id=\"449\" class=\"elementor elementor-449\">\n\t\t\t\t\t\t<section class=\"elementor-section elementor-top-section elementor-element elementor-element-749aa8da elementor-section-boxed elementor-section-height-default elementor-section-height-default\" data-id=\"749aa8da\" data-element_type=\"section\">\n\t\t\t\t\t\t<div class=\"elementor-container elementor-column-gap-default\">\n\t\t\t\t\t<div class=\"elementor-column elementor-col-100 elementor-top-column elementor-element elementor-element-2f9233c2\" data-id=\"2f9233c2\" data-element_type=\"column\">\n\t\t\t<div class=\"elementor-widget-wrap elementor-element-populated\">\n\t\t\t\t\t\t<div class=\"elementor-element elementor-element-62c9b372 elementor-widget elementor-widget-text-editor\" data-id=\"62c9b372\" data-element_type=\"widget\" data-widget_type=\"text-editor.default\">\n\t\t\t\t<div class=\"elementor-widget-container\">\n\t\t\t\t\t\t\t<p>A Administra\u00e7\u00e3o informa que o RU servir\u00e1 refei\u00e7\u00f5es no m\u00eas de janeiro, a partir do dia 06, nas unidades CAMPUS II e CENTRO, com agendamento pr\u00e9vio e cancelamento obrigat\u00f3rios.<\/p>\n<p>O RU &#8211; CAMPUS I estar\u00e1 fechado para reforma e manuten\u00e7\u00e3o da cozinha durante todo o per\u00edodo n\u00e3o letivo.<\/p>\n<p>\u00a0<\/p>\n<p>Confira abaixo os detalhes de funcionamento.<\/p>\n<p>RU &#8211; CAMPUS II<\/p>\n<ul style=\"list-style-type: square\">\n<li>De segunda \u00e0 sexta-feira:<\/li>\n<\/ul>\n<ul>\n<li style=\"list-style-type: none\">\n<ul style=\"list-style-type: circle\">\n<li>Desjejum: 07h at\u00e9 08h40min<\/li>\n<li>Almo\u00e7o: 11h30min at\u00e9 13h<\/li>\n<li>Jantar: 18h ate19h30min<\/li>\n<\/ul>\n<\/li>\n<\/ul>\n<ul style=\"list-style-type: square\">\n<li>S\u00e1bado (somente almo\u00e7o)<\/li>\n<\/ul>\n<ul>\n<li style=\"list-style-type: none\">\n<ul style=\"list-style-type: circle\">\n<li>Almo\u00e7o: 11h30min at\u00e9 13h<\/li>\n<\/ul>\n<\/li>\n<\/ul>\n<p>RU &#8211; CENTRO<\/p>\n<ul style=\"list-style-type: square\">\n<li>De segunda \u00e0 sexta-feira:<\/li>\n<\/ul>\n<ul>\n<li style=\"list-style-type: none\">\n<ul style=\"list-style-type: circle\">\n<li>Almo\u00e7o: 11h30min at\u00e9 13h<\/li>\n<li>Jantar: 18h at\u00e9 19h30min<\/li>\n<\/ul>\n<\/li>\n<\/ul>\n<p>O desjejum ser\u00e1 distribu\u00eddo em forma de kit. Confira mais detalhes <a href=\"https:\/\/www.ufsm.br\/orgaos-suplementares\/ru\/2019\/12\/04\/ru-informa-sobre-o-funcionamento-do-desjejum-no-ru-centro\/\">aqui<\/a>.<\/p>\n<p>\u00a0<\/p>\n<p>N\u00e3o haver\u00e1 distribui\u00e7\u00e3o para os finais de semana.<\/p>\n<p>Maiores informa\u00e7\u00f5es na Secretaria do RU ou pelo n\u00famero 3220 8405.<\/p>\n<p><!-- \/wp:tadv\/classic-paragraph --><\/p>\t\t\t\t\t\t<\/div>\n\t\t\t\t<\/div>\n\t\t\t\t\t<\/div>\n\t\t<\/div>\n\t\t\t\t\t<\/div>\n\t\t<\/section>\n\t\t\t\t<\/div>\n\t\t","protected":false},"excerpt":{"rendered":"<p>A Administra\u00e7\u00e3o informa que o RU servir\u00e1 refei\u00e7\u00f5es no m\u00eas de janeiro, a partir do dia 06, nas unidades CAMPUS II e CENTRO, com agendamento pr\u00e9vio e cancelamento obrigat\u00f3rios. O RU &#8211; CAMPUS I estar\u00e1 fechado para reforma e manuten\u00e7\u00e3o da cozinha durante todo o per\u00edodo n\u00e3o letivo. Confira abaixo os detalhes de funcionamento. RU [&hellip;]<\/p>\n","protected":false},"author":322,"featured_media":0,"comment_status":"closed","ping_status":"closed","sticky":false,"template":"","format":"standard","meta":{"footnotes":""},"categories":[1],"tags":[],"class_list":["post-449","post","type-post","status-publish","format-standard","hentry","category-noticias"],"acf":[],"_links":{"self":[{"href":"https:\/\/www.ufsm.br\/orgaos-suplementares\/ru\/wp-json\/wp\/v2\/posts\/449","targetHints":{"allow":["GET"]}}],"collection":[{"href":"https:\/\/www.ufsm.br\/orgaos-suplementares\/ru\/wp-json\/wp\/v2\/posts"}],"about":[{"href":"https:\/\/www.ufsm.br\/orgaos-suplementares\/ru\/wp-json\/wp\/v2\/types\/post"}],"author":[{"embeddable":true,"href":"https:\/\/www.ufsm.br\/orgaos-suplementares\/ru\/wp-json\/wp\/v2\/users\/322"}],"replies":[{"embeddable":true,"href":"https:\/\/www.ufsm.br\/orgaos-suplementares\/ru\/wp-json\/wp\/v2\/comments?post=449"}],"version-history":[{"count":0,"href":"https:\/\/www.ufsm.br\/orgaos-suplementares\/ru\/wp-json\/wp\/v2\/posts\/449\/revisions"}],"wp:attachment":[{"href":"https:\/\/www.ufsm.br\/orgaos-suplementares\/ru\/wp-json\/wp\/v2\/media?parent=449"}],"wp:term":[{"taxonomy":"category","embeddable":true,"href":"https:\/\/www.ufsm.br\/orgaos-suplementares\/ru\/wp-json\/wp\/v2\/categories?post=449"},{"taxonomy":"post_tag","embeddable":true,"href":"https:\/\/www.ufsm.br\/orgaos-suplementares\/ru\/wp-json\/wp\/v2\/tags?post=449"}],"curies":[{"name":"wp","href":"https:\/\/api.w.org\/{rel}","templated":true}]}}