{"id":451,"date":"2020-02-18T12:27:31","date_gmt":"2020-02-18T15:27:31","guid":{"rendered":"https:\/\/www.ufsm.br\/orgaos-suplementares\/ru\/?p=451"},"modified":"2020-02-18T12:28:29","modified_gmt":"2020-02-18T15:28:29","slug":"funcionamento-do-ru-no-periodo-de-carnaval","status":"publish","type":"post","link":"https:\/\/www.ufsm.br\/orgaos-suplementares\/ru\/2020\/02\/18\/funcionamento-do-ru-no-periodo-de-carnaval","title":{"rendered":"Funcionamento do RU no per\u00edodo de carnaval"},"content":{"rendered":"\n<p>Os RUs Campus II e Centro funcionar\u00e3o at\u00e9 sexta-feira (21\/02) e reabrir\u00e3o na quinta-feira (27\/02).<\/p>\n<p>Entre os dias 22\/02 e 26\/02 eles permanecer\u00e3o fechados.<\/p>\n<p>A distribui\u00e7\u00e3o do desjejum para os moradores da CEU I ser\u00e1 na sexta-feira (21\/02), durante o jantar, com agendamento at\u00e9 \u00e0s 09 horas de sexta-feira (21\/02), e ser\u00e1 referente aos caf\u00e9s dos dias 27\/02, 28\/02 e 02\/03.<\/p>\n","protected":false},"excerpt":{"rendered":"<p>Os RUs Campus II e Centro funcionar\u00e3o at\u00e9 sexta-feira (21\/02) e reabrir\u00e3o na quinta-feira (27\/02). Entre os dias 22\/02 e 26\/02 eles permanecer\u00e3o fechados. A distribui\u00e7\u00e3o do desjejum para os moradores da CEU I ser\u00e1 na sexta-feira (21\/02), durante o jantar, com agendamento at\u00e9 \u00e0s 09 horas de sexta-feira (21\/02), e ser\u00e1 referente aos caf\u00e9s [&hellip;]<\/p>\n","protected":false},"author":322,"featured_media":0,"comment_status":"closed","ping_status":"closed","sticky":false,"template":"","format":"standard","meta":{"footnotes":""},"categories":[1],"tags":[],"class_list":["post-451","post","type-post","status-publish","format-standard","hentry","category-noticias"],"acf":[],"_links":{"self":[{"href":"https:\/\/www.ufsm.br\/orgaos-suplementares\/ru\/wp-json\/wp\/v2\/posts\/451","targetHints":{"allow":["GET"]}}],"collection":[{"href":"https:\/\/www.ufsm.br\/orgaos-suplementares\/ru\/wp-json\/wp\/v2\/posts"}],"about":[{"href":"https:\/\/www.ufsm.br\/orgaos-suplementares\/ru\/wp-json\/wp\/v2\/types\/post"}],"author":[{"embeddable":true,"href":"https:\/\/www.ufsm.br\/orgaos-suplementares\/ru\/wp-json\/wp\/v2\/users\/322"}],"replies":[{"embeddable":true,"href":"https:\/\/www.ufsm.br\/orgaos-suplementares\/ru\/wp-json\/wp\/v2\/comments?post=451"}],"version-history":[{"count":0,"href":"https:\/\/www.ufsm.br\/orgaos-suplementares\/ru\/wp-json\/wp\/v2\/posts\/451\/revisions"}],"wp:attachment":[{"href":"https:\/\/www.ufsm.br\/orgaos-suplementares\/ru\/wp-json\/wp\/v2\/media?parent=451"}],"wp:term":[{"taxonomy":"category","embeddable":true,"href":"https:\/\/www.ufsm.br\/orgaos-suplementares\/ru\/wp-json\/wp\/v2\/categories?post=451"},{"taxonomy":"post_tag","embeddable":true,"href":"https:\/\/www.ufsm.br\/orgaos-suplementares\/ru\/wp-json\/wp\/v2\/tags?post=451"}],"curies":[{"name":"wp","href":"https:\/\/api.w.org\/{rel}","templated":true}]}}