{"id":452,"date":"2020-02-21T13:59:31","date_gmt":"2020-02-21T16:59:31","guid":{"rendered":"https:\/\/www.ufsm.br\/orgaos-suplementares\/ru\/?p=452"},"modified":"2020-02-21T13:59:33","modified_gmt":"2020-02-21T16:59:33","slug":"curso-de-direito-passa-a-ser-vinculado-ao-ru-campus-i","status":"publish","type":"post","link":"https:\/\/www.ufsm.br\/orgaos-suplementares\/ru\/2020\/02\/21\/curso-de-direito-passa-a-ser-vinculado-ao-ru-campus-i","title":{"rendered":"Curso de Direito passa a ser vinculado ao RU CAMPUS I"},"content":{"rendered":"\n<p style=\"text-align: justify\">Em raz\u00e3o das atividades acad\u00eamicas passarem a ser desenvolvidas no Campus Universit\u00e1rio da UFSM, a partir de hoje, o Curso de Direito passa a ser vinculado ao RU CAMPUS I, perdendo a autoriza\u00e7\u00e3o no RU CENTRO.<\/p>\n<p style=\"text-align: justify\">Aqueles usu\u00e1rios que estiverem em atividades de ensino, pesquisa ou extens\u00e3o no centro da cidade poder\u00e3o ter acesso ao RU Centro. Para ter permiss\u00e3o, dever\u00e3o comprovar a atividade acad\u00eamica. A comprova\u00e7\u00e3o deve ser enviada para o e-mail secretaria.ru@ufsm.br, para autoriza\u00e7\u00e3o no sistema.<\/p>\n<p style=\"text-align: justify\">Mais informa\u00e7\u00f5es na secretaria do RU ou pelo telefone (55) 3220-8405.<\/p>\n","protected":false},"excerpt":{"rendered":"<p>Em raz\u00e3o das atividades acad\u00eamicas passarem a ser desenvolvidas no Campus Universit\u00e1rio da UFSM, a partir de hoje, o Curso de Direito passa a ser vinculado ao RU CAMPUS I, perdendo a autoriza\u00e7\u00e3o no RU CENTRO. Aqueles usu\u00e1rios que estiverem em atividades de ensino, pesquisa ou extens\u00e3o no centro da cidade poder\u00e3o ter acesso ao [&hellip;]<\/p>\n","protected":false},"author":323,"featured_media":0,"comment_status":"closed","ping_status":"closed","sticky":false,"template":"","format":"standard","meta":{"footnotes":""},"categories":[1],"tags":[],"class_list":["post-452","post","type-post","status-publish","format-standard","hentry","category-noticias"],"acf":[],"_links":{"self":[{"href":"https:\/\/www.ufsm.br\/orgaos-suplementares\/ru\/wp-json\/wp\/v2\/posts\/452","targetHints":{"allow":["GET"]}}],"collection":[{"href":"https:\/\/www.ufsm.br\/orgaos-suplementares\/ru\/wp-json\/wp\/v2\/posts"}],"about":[{"href":"https:\/\/www.ufsm.br\/orgaos-suplementares\/ru\/wp-json\/wp\/v2\/types\/post"}],"author":[{"embeddable":true,"href":"https:\/\/www.ufsm.br\/orgaos-suplementares\/ru\/wp-json\/wp\/v2\/users\/323"}],"replies":[{"embeddable":true,"href":"https:\/\/www.ufsm.br\/orgaos-suplementares\/ru\/wp-json\/wp\/v2\/comments?post=452"}],"version-history":[{"count":0,"href":"https:\/\/www.ufsm.br\/orgaos-suplementares\/ru\/wp-json\/wp\/v2\/posts\/452\/revisions"}],"wp:attachment":[{"href":"https:\/\/www.ufsm.br\/orgaos-suplementares\/ru\/wp-json\/wp\/v2\/media?parent=452"}],"wp:term":[{"taxonomy":"category","embeddable":true,"href":"https:\/\/www.ufsm.br\/orgaos-suplementares\/ru\/wp-json\/wp\/v2\/categories?post=452"},{"taxonomy":"post_tag","embeddable":true,"href":"https:\/\/www.ufsm.br\/orgaos-suplementares\/ru\/wp-json\/wp\/v2\/tags?post=452"}],"curies":[{"name":"wp","href":"https:\/\/api.w.org\/{rel}","templated":true}]}}