{"id":458,"date":"2020-03-10T10:12:51","date_gmt":"2020-03-10T13:12:51","guid":{"rendered":"https:\/\/www.ufsm.br\/orgaos-suplementares\/ru\/?p=458"},"modified":"2020-03-10T10:12:53","modified_gmt":"2020-03-10T13:12:53","slug":"alteracoes-no-atendimento-dos-rus-na-volta-as-aulas","status":"publish","type":"post","link":"https:\/\/www.ufsm.br\/orgaos-suplementares\/ru\/2020\/03\/10\/alteracoes-no-atendimento-dos-rus-na-volta-as-aulas","title":{"rendered":"Altera\u00e7\u00f5es no atendimento dos RUs na volta \u00e0s aulas"},"content":{"rendered":"\n<p>A Pr\u00f3-Reitoria de Assuntos Estudantis (PRAE) informa \u00e0 comunidade do campus sede sobre as altera\u00e7\u00f5es no funcionamento dos restaurantes universit\u00e1rios na volta \u00e0s aulas. As mudan\u00e7as valem a partir do dia 9 de mar\u00e7o de 2020.<\/p>\n<p><strong>Restaurante Universit\u00e1rio I (RU I):<\/strong> servir\u00e1 apenas almo\u00e7o, de segunda \u00e0 sexta-feira. <br \/><strong>Restaurante Universit\u00e1rio II (RU II):<\/strong> servir\u00e1 caf\u00e9, almo\u00e7o e jantar, de segunda \u00e0 s\u00e1bado. <br \/><strong>Restaurante Universit\u00e1rio do Centro:<\/strong> servir\u00e1 almo\u00e7o e jantar entre segunda e sexta-feira. O caf\u00e9 da manh\u00e3 ser\u00e1 distribu\u00eddo na forma de kits, sempre na segunda-feira, no hor\u00e1rio do jantar, apenas para os moradores da Casa do Estudante I.<\/p>\n<p>Os hor\u00e1rios de funcionamento podem ser consultados no <a href=\"https:\/\/www.ufsm.br\/orgaos-suplementares\/ru\/horarios\/\">site do RU<\/a>. Nos domingos e feriados, a distribui\u00e7\u00e3o de alimentos continua suspensa por motivos operacionais.<\/p>\n<p>A novidade para os usu\u00e1rios \u00e9 que, a partir do dia 09\/03, o RU II tamb\u00e9m ter\u00e1 acesso universal, mediante agendamento, ou seja, todos os estudantes, independente do curso, poder\u00e3o realizar as refei\u00e7\u00f5es l\u00e1.\u00a0<\/p>\n<p>O agendamento permanece obrigat\u00f3rio e deve ser realizado nos seguintes hor\u00e1rios:<br \/><strong>Caf\u00e9 da manh\u00e3:<\/strong> at\u00e9 \u00e0s 11 horas do dia anterior.<br \/><strong>Almo\u00e7o:<\/strong> at\u00e9 \u00e0s 20 horas do dia anterior<br \/><strong>Jantar:<\/strong> at\u00e9 \u00e0s 11 horas e 30 minutos do dia da refei\u00e7\u00e3o.<\/p>\n<p>Para organizar melhor o fluxo e reduzir filas e superlota\u00e7\u00e3o, o n\u00famero total de refei\u00e7\u00f5es ofertadas ser\u00e1 distribu\u00eddo entre os dois restaurantes. Caso o estudante n\u00e3o consiga efetuar o agendamento em um deles, dever\u00e1 fazer em outro para garantir a refei\u00e7\u00e3o.<\/p>\n<p>Aten\u00e7\u00e3o, para aqueles que n\u00e3o possuem a carteirinha do RU, j\u00e1 est\u00e1 dispon\u00edvel uma vers\u00e3o digital, que pode ser encontrada no <a href=\"https:\/\/www.ufsm.br\/orgaos-suplementares\/cpd\/2017\/02\/08\/ufsm-digital\/\">aplicativo UFSM Digital<\/a>. O comprovante de matr\u00edcula tamb\u00e9m pode ser utilizado para acessar os espa\u00e7os.<\/p>\n<p>As altera\u00e7\u00f5es seguem vigentes at\u00e9 que as reformas estruturais, principalmente na cozinha do RU I, sejam conclu\u00eddas. As obras visam melhorar o atendimento aos usu\u00e1rios bem como dar conta de uma crescente demanda por refei\u00e7\u00f5es.<\/p>\n<p>Mais informa\u00e7\u00f5es podem ser obtidas no <a href=\"https:\/\/www.ufsm.br\/orgaos-suplementares\/ru\/\">site do RU <\/a>ou\u00a0 na Secretaria do RU.<\/p>\n<p><img fetchpriority=\"high\" decoding=\"async\" class=\"wp-image-51309 aligncenter\" src=\"https:\/\/www.ufsm.br\/wp-content\/uploads\/2020\/03\/RU-1024x859.jpg\" alt=\"\" width=\"792\" height=\"664\" \/><\/p>\n","protected":false},"excerpt":{"rendered":"<p>A Pr\u00f3-Reitoria de Assuntos Estudantis (PRAE) informa \u00e0 comunidade do campus sede sobre as altera\u00e7\u00f5es no funcionamento dos restaurantes universit\u00e1rios na volta \u00e0s aulas. As mudan\u00e7as valem a partir do dia 9 de mar\u00e7o de 2020. Restaurante Universit\u00e1rio I (RU I): servir\u00e1 apenas almo\u00e7o, de segunda \u00e0 sexta-feira. Restaurante Universit\u00e1rio II (RU II): servir\u00e1 caf\u00e9, [&hellip;]<\/p>\n","protected":false},"author":322,"featured_media":0,"comment_status":"closed","ping_status":"closed","sticky":false,"template":"","format":"standard","meta":{"footnotes":""},"categories":[1],"tags":[],"class_list":["post-458","post","type-post","status-publish","format-standard","hentry","category-noticias"],"acf":[],"_links":{"self":[{"href":"https:\/\/www.ufsm.br\/orgaos-suplementares\/ru\/wp-json\/wp\/v2\/posts\/458","targetHints":{"allow":["GET"]}}],"collection":[{"href":"https:\/\/www.ufsm.br\/orgaos-suplementares\/ru\/wp-json\/wp\/v2\/posts"}],"about":[{"href":"https:\/\/www.ufsm.br\/orgaos-suplementares\/ru\/wp-json\/wp\/v2\/types\/post"}],"author":[{"embeddable":true,"href":"https:\/\/www.ufsm.br\/orgaos-suplementares\/ru\/wp-json\/wp\/v2\/users\/322"}],"replies":[{"embeddable":true,"href":"https:\/\/www.ufsm.br\/orgaos-suplementares\/ru\/wp-json\/wp\/v2\/comments?post=458"}],"version-history":[{"count":0,"href":"https:\/\/www.ufsm.br\/orgaos-suplementares\/ru\/wp-json\/wp\/v2\/posts\/458\/revisions"}],"wp:attachment":[{"href":"https:\/\/www.ufsm.br\/orgaos-suplementares\/ru\/wp-json\/wp\/v2\/media?parent=458"}],"wp:term":[{"taxonomy":"category","embeddable":true,"href":"https:\/\/www.ufsm.br\/orgaos-suplementares\/ru\/wp-json\/wp\/v2\/categories?post=458"},{"taxonomy":"post_tag","embeddable":true,"href":"https:\/\/www.ufsm.br\/orgaos-suplementares\/ru\/wp-json\/wp\/v2\/tags?post=458"}],"curies":[{"name":"wp","href":"https:\/\/api.w.org\/{rel}","templated":true}]}}