{"id":465,"date":"2020-03-17T14:49:19","date_gmt":"2020-03-17T17:49:19","guid":{"rendered":"https:\/\/www.ufsm.br\/orgaos-suplementares\/ru\/?p=465"},"modified":"2020-03-17T15:17:19","modified_gmt":"2020-03-17T18:17:19","slug":"ru-informa-sobre-o-funcionamento-da-secretaria-a-partir-do-dia-19-03","status":"publish","type":"post","link":"https:\/\/www.ufsm.br\/orgaos-suplementares\/ru\/2020\/03\/17\/ru-informa-sobre-o-funcionamento-da-secretaria-a-partir-do-dia-19-03","title":{"rendered":"RU informa sobre o funcionamento da secretaria a partir do dia 19\/03"},"content":{"rendered":"\n<p>Devido \u00e0 <a href=\"https:\/\/www.ufsm.br\/2020\/03\/16\/ufsm-suspende-atividades-academicas-e-administrativas-presenciais-a-partir-do-dia-16-de-marco\/\">suspens\u00e3o das atividades acad\u00eamicas e administrativas presenciais<\/a> na UFSM, a Dire\u00e7\u00e3o do RU informa que a partir do dia 19\/03 a secretaria do RU ir\u00e1 atender das 07h30 \u00e0s 13h30 de segunda a sexta.\u00a0<\/p>\n","protected":false},"excerpt":{"rendered":"<p>Devido \u00e0 suspens\u00e3o das atividades acad\u00eamicas e administrativas presenciais na UFSM, a Dire\u00e7\u00e3o do RU informa que a partir do dia 19\/03 a secretaria do RU ir\u00e1 atender das 07h30 \u00e0s 13h30 de segunda a sexta.\u00a0<\/p>\n","protected":false},"author":2133,"featured_media":0,"comment_status":"closed","ping_status":"closed","sticky":false,"template":"","format":"standard","meta":{"footnotes":""},"categories":[1],"tags":[],"class_list":["post-465","post","type-post","status-publish","format-standard","hentry","category-noticias"],"acf":[],"_links":{"self":[{"href":"https:\/\/www.ufsm.br\/orgaos-suplementares\/ru\/wp-json\/wp\/v2\/posts\/465","targetHints":{"allow":["GET"]}}],"collection":[{"href":"https:\/\/www.ufsm.br\/orgaos-suplementares\/ru\/wp-json\/wp\/v2\/posts"}],"about":[{"href":"https:\/\/www.ufsm.br\/orgaos-suplementares\/ru\/wp-json\/wp\/v2\/types\/post"}],"author":[{"embeddable":true,"href":"https:\/\/www.ufsm.br\/orgaos-suplementares\/ru\/wp-json\/wp\/v2\/users\/2133"}],"replies":[{"embeddable":true,"href":"https:\/\/www.ufsm.br\/orgaos-suplementares\/ru\/wp-json\/wp\/v2\/comments?post=465"}],"version-history":[{"count":0,"href":"https:\/\/www.ufsm.br\/orgaos-suplementares\/ru\/wp-json\/wp\/v2\/posts\/465\/revisions"}],"wp:attachment":[{"href":"https:\/\/www.ufsm.br\/orgaos-suplementares\/ru\/wp-json\/wp\/v2\/media?parent=465"}],"wp:term":[{"taxonomy":"category","embeddable":true,"href":"https:\/\/www.ufsm.br\/orgaos-suplementares\/ru\/wp-json\/wp\/v2\/categories?post=465"},{"taxonomy":"post_tag","embeddable":true,"href":"https:\/\/www.ufsm.br\/orgaos-suplementares\/ru\/wp-json\/wp\/v2\/tags?post=465"}],"curies":[{"name":"wp","href":"https:\/\/api.w.org\/{rel}","templated":true}]}}