{"id":466,"date":"2020-03-19T09:46:40","date_gmt":"2020-03-19T12:46:40","guid":{"rendered":"https:\/\/www.ufsm.br\/orgaos-suplementares\/ru\/?p=466"},"modified":"2020-03-19T12:11:44","modified_gmt":"2020-03-19T15:11:44","slug":"ru-informa-sobre-o-funcionamento-do-desjejum-para-moradores-da-ceu-ii","status":"publish","type":"post","link":"https:\/\/www.ufsm.br\/orgaos-suplementares\/ru\/2020\/03\/19\/ru-informa-sobre-o-funcionamento-do-desjejum-para-moradores-da-ceu-ii","title":{"rendered":"RU informa sobre o funcionamento do desjejum no RU Campus"},"content":{"rendered":"\n<p style=\"text-align: justify\">Informamos que, a partir de 23 de mar\u00e7o de 2020 (segunda-feira), o caf\u00e9 da manh\u00e3 no campus universit\u00e1rio ser\u00e1 ofertado no formato de distribui\u00e7\u00e3o semanal para os moradores da CEU II, CEU III e moradia provis\u00f3ria (uni\u00e3o), <u><span style=\"color: inherit;line-height: inherit\">com Benef\u00edcio Socioecon\u00f4mico (BSE) ativo e Ind\u00edgenas<\/span>.<\/u> A entrega da distribui\u00e7\u00e3o ser\u00e1 <u>somente ao titular,<\/u> com exce\u00e7\u00e3o dos filhos de moradores da CEU devidamente cadastrados na PRAE (dependentes).<\/p>\n<p style=\"margin-top: 0cm;text-align: justify;color: inherit;line-height: inherit;margin-bottom: 1rem\">O agendamento dever\u00e1 ser realizado semanalmente, a partir de quarta-feira at\u00e9 sexta-feira as 9h. No agendamento, os alunos dever\u00e3o marcar no RU Campus II a op\u00e7\u00e3o refei\u00e7\u00e3o \u2018Distribui\u00e7\u00e3o\u2019.<\/p>\n<p style=\"margin-top: 0cm;text-align: justify;color: inherit;line-height: inherit;margin-bottom: 1rem\">A retirada ser\u00e1 nas segundas-feiras no RU Campus II das 15h \u00e0s 16h.<\/p>\n","protected":false},"excerpt":{"rendered":"<p>Informamos que, a partir de 23 de mar\u00e7o de 2020 (segunda-feira), o caf\u00e9 da manh\u00e3 no campus universit\u00e1rio ser\u00e1 ofertado no formato de distribui\u00e7\u00e3o semanal para os moradores da CEU II, CEU III e moradia provis\u00f3ria (uni\u00e3o), com Benef\u00edcio Socioecon\u00f4mico (BSE) ativo e Ind\u00edgenas. A entrega da distribui\u00e7\u00e3o ser\u00e1 somente ao titular, com exce\u00e7\u00e3o dos [&hellip;]<\/p>\n","protected":false},"author":2133,"featured_media":0,"comment_status":"closed","ping_status":"closed","sticky":false,"template":"","format":"standard","meta":{"footnotes":""},"categories":[1],"tags":[],"class_list":["post-466","post","type-post","status-publish","format-standard","hentry","category-noticias"],"acf":[],"_links":{"self":[{"href":"https:\/\/www.ufsm.br\/orgaos-suplementares\/ru\/wp-json\/wp\/v2\/posts\/466","targetHints":{"allow":["GET"]}}],"collection":[{"href":"https:\/\/www.ufsm.br\/orgaos-suplementares\/ru\/wp-json\/wp\/v2\/posts"}],"about":[{"href":"https:\/\/www.ufsm.br\/orgaos-suplementares\/ru\/wp-json\/wp\/v2\/types\/post"}],"author":[{"embeddable":true,"href":"https:\/\/www.ufsm.br\/orgaos-suplementares\/ru\/wp-json\/wp\/v2\/users\/2133"}],"replies":[{"embeddable":true,"href":"https:\/\/www.ufsm.br\/orgaos-suplementares\/ru\/wp-json\/wp\/v2\/comments?post=466"}],"version-history":[{"count":0,"href":"https:\/\/www.ufsm.br\/orgaos-suplementares\/ru\/wp-json\/wp\/v2\/posts\/466\/revisions"}],"wp:attachment":[{"href":"https:\/\/www.ufsm.br\/orgaos-suplementares\/ru\/wp-json\/wp\/v2\/media?parent=466"}],"wp:term":[{"taxonomy":"category","embeddable":true,"href":"https:\/\/www.ufsm.br\/orgaos-suplementares\/ru\/wp-json\/wp\/v2\/categories?post=466"},{"taxonomy":"post_tag","embeddable":true,"href":"https:\/\/www.ufsm.br\/orgaos-suplementares\/ru\/wp-json\/wp\/v2\/tags?post=466"}],"curies":[{"name":"wp","href":"https:\/\/api.w.org\/{rel}","templated":true}]}}