{"id":467,"date":"2020-03-20T12:14:37","date_gmt":"2020-03-20T15:14:37","guid":{"rendered":"https:\/\/www.ufsm.br\/orgaos-suplementares\/ru\/?p=467"},"modified":"2020-03-20T12:14:40","modified_gmt":"2020-03-20T15:14:40","slug":"protocolo-com-medidas-de-prevencao-ao-coronavirus-covid-19","status":"publish","type":"post","link":"https:\/\/www.ufsm.br\/orgaos-suplementares\/ru\/2020\/03\/20\/protocolo-com-medidas-de-prevencao-ao-coronavirus-covid-19","title":{"rendered":"Protocolo com medidas de preven\u00e7\u00e3o ao Coronav\u00edrus (COVID-19)"},"content":{"rendered":"\n<p class=\"western\" align=\"justify\"><span style=\"font-family: Times New Roman, serif\"><span style=\"font-size: small\"><span style=\"font-family: Arial, serif\"><span style=\"font-size: medium\">Pelo presente, A Dire\u00e7\u00e3o apresenta o protocolo de preven\u00e7\u00e3o ao Coronav\u00edrus implantada nos restaurantes universit\u00e1rios da UFSM: <\/span><\/span><\/span><\/span><\/p>\n<p class=\"western\" align=\"justify\"><span style=\"font-family: Times New Roman, serif\"><span style=\"font-size: small\"><span style=\"font-family: Arial, serif\"><span style=\"font-size: medium\">&#8211; Trabalho em sistema de escala dos servidores da UFSM e dos colaboradores terceirizados;<\/span><\/span><\/span><\/span><\/p>\n<p class=\"western\" align=\"justify\"><span style=\"font-family: Times New Roman, serif\"><span style=\"font-size: small\"><span style=\"font-family: Arial, serif\"><span style=\"font-size: medium\">&#8211; Redu\u00e7\u00e3o do hor\u00e1rio de atendimento da secretaria do restaurante universit\u00e1rio (07h:30 \u00e0s 13h:30); <\/span><\/span><\/span><\/span><\/p>\n<p class=\"western\" align=\"justify\"><span style=\"font-family: Times New Roman, serif\"><span style=\"font-size: small\"><span style=\"font-family: Arial, serif\"><span style=\"font-size: medium\">&#8211; Libera\u00e7\u00e3o de servidores da UFSM acima de 60 anos ou que estejam no grupo de risco;<\/span><\/span><\/span><\/span><\/p>\n<p class=\"western\" align=\"justify\"><span style=\"font-family: Times New Roman, serif\"><span style=\"font-size: small\"><span style=\"font-family: Arial, serif\"><span style=\"font-size: medium\">&#8211; Orienta\u00e7\u00e3o t\u00e9cnica sobre as novas rotinas e procedimentos adotados no Restaurante Universit\u00e1rio para os servidores e colaboradores terceirizados; <\/span><\/span><\/span><\/span><\/p>\n<p class=\"western\" align=\"justify\"><span style=\"font-family: Times New Roman, serif\"><span style=\"font-size: small\"><span style=\"font-family: Arial, serif\"><span style=\"font-size: medium\">&#8211; Intensifica\u00e7\u00e3o do processo operacional de higieniza\u00e7\u00e3o de equipamentos, m\u00f3veis e utens\u00edlios com produtos registrados no Minist\u00e9rio da Sa\u00fade e \u00e1lcool gel 70%;<\/span><\/span><\/span><\/span><\/p>\n<p class=\"western\" align=\"justify\"><span style=\"font-family: Times New Roman, serif\"><span style=\"font-size: small\"><span style=\"font-family: Arial, serif\"><span style=\"font-size: medium\">&#8211; Disponibiliza\u00e7\u00e3o de sabonete l\u00edquido bactericida e \u00e1lcool gel 70% nas pias de higieniza\u00e7\u00e3o de m\u00e3os dos refeit\u00f3rios e aumento dos pontos de \u00e1lcool gel 70% para os usu\u00e1rios do restaurante universit\u00e1rio. Ainda, foram disponibilizadas orienta\u00e7\u00f5es t\u00e9cnicas sobre o correto processo de higieniza\u00e7\u00e3o de m\u00e3os;<\/span><\/span><\/span><\/span><\/p>\n<p class=\"western\" align=\"justify\"><span style=\"font-family: Times New Roman, serif\"><span style=\"font-size: small\"><span style=\"font-family: Arial, serif\"><span style=\"font-size: medium\">&#8211; Substitui\u00e7\u00e3o mais frequente de utens\u00edlios (colheres, conchas, entre outros) usados nos balc\u00f5es de distribui\u00e7\u00e3o (buffets);<\/span><\/span><\/span><\/span><\/p>\n<p class=\"western\" align=\"justify\"><span style=\"font-family: Times New Roman, serif\"><span style=\"font-size: small\"><span style=\"font-family: Arial, serif\"><span style=\"font-size: medium\">&#8211; Aumento do espa\u00e7amento entre as mesas e diminui\u00e7\u00e3o do n\u00famero de cadeiras disponibilizadas aos usu\u00e1rios nos refeit\u00f3rios, objetivando aumentar a dist\u00e2ncia entre os usu\u00e1rios durante as refei\u00e7\u00f5es;<\/span><\/span><\/span><\/span><\/p>\n<p class=\"western\" align=\"justify\"><span style=\"font-family: Times New Roman, serif\"><span style=\"font-size: small\"><span style=\"font-family: Arial, serif\"><span style=\"font-size: medium\">&#8211; Restri\u00e7\u00e3o de 30% da capacidade dos refeit\u00f3rios durante as refei\u00e7\u00f5es (almo\u00e7o e jantar); <\/span><\/span><\/span><\/span><\/p>\n<p class=\"western\" align=\"justify\"><span style=\"font-family: Times New Roman, serif\"><span style=\"font-size: small\"><span style=\"font-family: Arial, serif\"><span style=\"font-size: medium\">&#8211; Oferta do caf\u00e9 da manh\u00e3 no formato de \u2018\u2019Kits de distribui\u00e7\u00e3o\u2019\u2019, os quais ser\u00e3o entregues semanalmente aos usu\u00e1rios da casa do estudante (CEU 1 e CEU 2);<\/span><\/span><\/span><\/span><\/p>\n<p class=\"western\" align=\"justify\"><span style=\"font-family: Times New Roman, serif\"><span style=\"font-size: small\"><span style=\"font-family: Arial, serif\"><span style=\"font-size: medium\">Salienta-se que todas essas medidas j\u00e1 est\u00e3o implementadas no Restaurante Universit\u00e1rio, exceto a oferta de \u2018\u2019kits de distribui\u00e7\u00e3o de caf\u00e9 da manh\u00e3\u2019\u2019 as quais ser\u00e3o implementadas a partir do dia 23 de mar\u00e7o de 2020, podendo ser modificadas sem aviso pr\u00e9vio. <\/span><\/span><\/span><\/span><\/p>\n","protected":false},"excerpt":{"rendered":"<p>Pelo presente, A Dire\u00e7\u00e3o apresenta o protocolo de preven\u00e7\u00e3o ao Coronav\u00edrus implantada nos restaurantes universit\u00e1rios da UFSM: &#8211; Trabalho em sistema de escala dos servidores da UFSM e dos colaboradores terceirizados; &#8211; Redu\u00e7\u00e3o do hor\u00e1rio de atendimento da secretaria do restaurante universit\u00e1rio (07h:30 \u00e0s 13h:30); &#8211; Libera\u00e7\u00e3o de servidores da UFSM acima de 60 anos [&hellip;]<\/p>\n","protected":false},"author":322,"featured_media":0,"comment_status":"closed","ping_status":"closed","sticky":false,"template":"","format":"standard","meta":{"footnotes":""},"categories":[1],"tags":[],"class_list":["post-467","post","type-post","status-publish","format-standard","hentry","category-noticias"],"acf":[],"_links":{"self":[{"href":"https:\/\/www.ufsm.br\/orgaos-suplementares\/ru\/wp-json\/wp\/v2\/posts\/467","targetHints":{"allow":["GET"]}}],"collection":[{"href":"https:\/\/www.ufsm.br\/orgaos-suplementares\/ru\/wp-json\/wp\/v2\/posts"}],"about":[{"href":"https:\/\/www.ufsm.br\/orgaos-suplementares\/ru\/wp-json\/wp\/v2\/types\/post"}],"author":[{"embeddable":true,"href":"https:\/\/www.ufsm.br\/orgaos-suplementares\/ru\/wp-json\/wp\/v2\/users\/322"}],"replies":[{"embeddable":true,"href":"https:\/\/www.ufsm.br\/orgaos-suplementares\/ru\/wp-json\/wp\/v2\/comments?post=467"}],"version-history":[{"count":0,"href":"https:\/\/www.ufsm.br\/orgaos-suplementares\/ru\/wp-json\/wp\/v2\/posts\/467\/revisions"}],"wp:attachment":[{"href":"https:\/\/www.ufsm.br\/orgaos-suplementares\/ru\/wp-json\/wp\/v2\/media?parent=467"}],"wp:term":[{"taxonomy":"category","embeddable":true,"href":"https:\/\/www.ufsm.br\/orgaos-suplementares\/ru\/wp-json\/wp\/v2\/categories?post=467"},{"taxonomy":"post_tag","embeddable":true,"href":"https:\/\/www.ufsm.br\/orgaos-suplementares\/ru\/wp-json\/wp\/v2\/tags?post=467"}],"curies":[{"name":"wp","href":"https:\/\/api.w.org\/{rel}","templated":true}]}}