{"id":482,"date":"2022-02-18T11:20:38","date_gmt":"2022-02-18T14:20:38","guid":{"rendered":"https:\/\/www.ufsm.br\/orgaos-suplementares\/ru\/?p=482"},"modified":"2022-02-18T11:20:39","modified_gmt":"2022-02-18T14:20:39","slug":"restaurante-universitario-retornara-ao-funcionamento-a-partir-de-segunda-feira-21","status":"publish","type":"post","link":"https:\/\/www.ufsm.br\/orgaos-suplementares\/ru\/2022\/02\/18\/restaurante-universitario-retornara-ao-funcionamento-a-partir-de-segunda-feira-21","title":{"rendered":"Restaurante Universit\u00e1rio retornar\u00e1 ao funcionamento a partir de segunda-feira (21)"},"content":{"rendered":"\n\n\n<h2 class=\"wp-block-heading\">Primeira etapa ser\u00e1 de refei\u00e7\u00f5es no sistema &#8220;pegue e leve&#8221; no RU I do Campus Santa Maria.<\/h2>\n\n\n\n<p class=\"wp-block-paragraph\"><\/p>\n\n\n\n<div class=\"wp-block-image\"><figure class=\"aligncenter\"><img decoding=\"async\" src=\"https:\/\/www.ufsm.br\/app\/uploads\/2022\/02\/Fotografo-Felippe-Richardt-1-1024x683.jpg\" alt=\"pr\u00e9dio do restaurante universit\u00e1rio um, no campus de santa maria;\" \/><figcaption>Refei\u00e7\u00f5es dever\u00e3o ser retiradas com agendamento pr\u00e9vio no RU 1 do campus Santa Maria<\/figcaption><\/figure><\/div>\n\n\n\n<p>Na pr\u00f3xima segunda-feira (21), o Restaurante Universit\u00e1rio I da UFSM deve voltar ao funcionamento. Ser\u00e1 o in\u00edcio da primeira etapa do retorno gradual ao funcionamento completo dos Restaurantes Universit\u00e1rios da UFSM. O processo de reabertura ser\u00e1 realizado em tr\u00eas fases, sendo a primeira destinada a quem reside nas Casas do Estudante Universit\u00e1rio II e III e Ind\u00edgena inclu\u00eddos no aux\u00edlio alimenta\u00e7\u00e3o extraordin\u00e1rio, cadastrados na PRAE e que tenham feito agendamento pr\u00e9vio.<\/p>\n<p>Neste primeiro momento, o RU utilizar\u00e1 o sistema de \u2018\u2019pegue e leve\u2019\u2019 de marmitex, previamente embalados, a serem retirados no RU campus I pelos usu\u00e1rios, que dever\u00e3o realizar a refei\u00e7\u00e3o fora do refeit\u00f3rio. Para receber o marmitex, o usu\u00e1rio dever\u00e1 fazer o agendamento obrigat\u00f3rio pr\u00e9vio, pelo<strong>\u00a0<a href=\"https:\/\/portal.ufsm.br\/ru\/usuario\/\" target=\"_blank\" rel=\"noreferrer noopener\">Portal do RU<\/a>.<\/strong>\u00a0A retirada do marmitex poder\u00e1 ser feita somente pelo titular da carteira de identifica\u00e7\u00e3o. No momento da retirada do marmitex, o aluno dever\u00e1 apresentar sua carteirinha do RU e a carteirinha de vacina\u00e7\u00e3o, f\u00edsica ou a vers\u00e3o digital do aplicativo ConecteSUS. Aqueles que optarem pela op\u00e7\u00e3o vegetariana devem usar o campo espec\u00edfico do portal de agendamento para informar isso, e dever\u00e1 se direcionar para a fila indicada \u2018\u2019op\u00e7\u00e3o vegetariana\u2019\u2019 na hora da distribui\u00e7\u00e3o. Os moradores da Casa do Estudante diagnosticados ou com suspeita de Covid-19 dever\u00e3o comunicar \u00e0 PRAE para que possam receber a alimenta\u00e7\u00e3o na portaria das CEUs. Segundo a PRAE, o aux\u00edlio alimenta\u00e7\u00e3o para moradores cadastrados na CEU I ser\u00e1 mantido durante esse per\u00edodo.<\/p>\n<p>H\u00e1 diversas orienta\u00e7\u00f5es que o usu\u00e1rio deve respeitar ao acessar o RU, conforme consta no<strong>\u00a0<a href=\"https:\/\/www.ufsm.br\/coronavirus\/cbio\/manual-de-biosseguranca\/\" target=\"_blank\" rel=\"noreferrer noopener\">Manual de Biosseguran\u00e7a da UFSM<\/a>.<\/strong>\u00a0Para acessar o refeit\u00f3rio do RU, \u00e9 obrigat\u00f3rio higienizar as m\u00e3os e utilizar \u00e1lcool gel 70% e, para isso, ser\u00e3o disponibilizadas pias para higieniza\u00e7\u00e3o de m\u00e3os e totens com \u00e1lcool gel. O uso de m\u00e1scaras \u00e9 obrigat\u00f3rio durante a perman\u00eancia na fila de acesso ao RU, durante a retirada do marmitex, que se dar\u00e1 nas depend\u00eancias internas do RU, e durante a sa\u00edda do refeit\u00f3rio do RU. A m\u00e1scara \u00e9 de responsabilidade do usu\u00e1rio e n\u00e3o ser\u00e1 fornecida pela UFSM.\u00a0 Durante a perman\u00eancia na fila para acesso e no refeit\u00f3rio do RU deve-se manter o distanciamento conforme orienta\u00e7\u00f5es do COE-E, respeitando as demarca\u00e7\u00f5es no piso, Os usu\u00e1rios dever\u00e3o evitar aglomera\u00e7\u00f5es enquanto estiverem aguardando a entrada no RU. Para evitar aglomera\u00e7\u00f5es, a fila ficar\u00e1 trancada, se necess\u00e1rio for, e ser\u00e1 liberada gradualmente pelos respons\u00e1veis pelo acesso ao RU.<\/p>\n<p>A decis\u00e3o da reabertura do RU I foi tomada em uma reuni\u00e3o entre a Pr\u00f3-Reitoria de Assuntos Estudantis (PRAE), a dire\u00e7\u00e3o do Restaurante Universit\u00e1rio (RU) e as dire\u00e7\u00f5es das Casa do Estudante, feita no in\u00edcio deste m\u00eas. Para possibilitar esta reabertura, foi feita a vistoria do PPCI do pr\u00e9dio do Restaurante Universit\u00e1rio e da Uni\u00e3o Universit\u00e1ria, no dia 10 de fevereiro e ap\u00f3s aprova\u00e7\u00e3o recebeu o alvar\u00e1 dos bombeiros.<\/p>\n<p>O retorno em etapas \u00e9 uma medida preventiva para que a nova empresa respons\u00e1vel pela gest\u00e3o do RU possa, em conjunto com a dire\u00e7\u00e3o do restaurante, providenciar adapta\u00e7\u00f5es e ajustes necess\u00e1rios para a nova din\u00e2mica de funcionamento. Al\u00e9m disso,\u00a0 o aumento no n\u00famero de casos de Covid-19 durante os \u00faltimos meses foi um fator importante para o planejamento da reabertura, pois lugares com aglomera\u00e7\u00f5es potencializam a dissemina\u00e7\u00e3o do v\u00edrus e exigem, por parte da administra\u00e7\u00e3o, que as decis\u00f5es tomadas estejam de acordo com o protocolo elaborado pela Comiss\u00e3o Setorial de Biosseguran\u00e7a dos RUs.\u00a0<\/p>\n<p>Neste momento, s\u00f3 a primeira fase da reabertura ser\u00e1 apresentada ao p\u00fablico. As fases subsequentes, que incluem todos os alunos com Benef\u00edcio Socioecon\u00f4mico (BSE) e a comunidade acad\u00eamica, dependem de um planejamento que ser\u00e1 elaborado a partir dos resultados obtidos na primeira fase e tamb\u00e9m da situa\u00e7\u00e3o epidemiol\u00f3gica da Covid-19.<\/p>\n<p><strong>Agendamento e retirada do marmitex:\u00a0<\/strong><\/p>\n<p>Para retirar o marmitex, os interessados e cadastrados no Censo da PRAE devem realizar o agendamento no\u00a0<strong><a href=\"https:\/\/www.ufsm.br\/orgaos-suplementares\/cpd\/servicos\/aplicativo-ufsm-digital\/\">aplicativo da UFSM Digital<\/a>\u00a0<\/strong>ou no\u00a0<a href=\"https:\/\/portal.ufsm.br\/ru\/usuario\/extratoSimplificado.html\"><strong>Portal de agendamentos do RU<\/strong><\/a>, entrar no Restaurante usando m\u00e1scara facial, apresentar a carteirinha de identifica\u00e7\u00e3o (titulares e respons\u00e1veis pelos titulares), carteirinha de vacina\u00e7\u00e3o e retirar a refei\u00e7\u00e3o.\u00a0 O consumo dentro do refeit\u00f3rio ainda n\u00e3o \u00e9 permitido devido \u00e0 pandemia.\u00a0<\/p>\n<ul>\n<li>Hor\u00e1rios de agendamento da retirada do marmitex:\u00a0<\/li>\n<\/ul>\n<p>Almo\u00e7o: At\u00e9 \u00e0s 20h do dia anterior;<\/p>\n<p>Jantar: At\u00e9 \u00e0s 11h30min.<\/p>\n<ul>\n<li>Hor\u00e1rio para a retirada do marmitex:<\/li>\n<\/ul>\n<p>Almo\u00e7o: 11h30min \u2013 13h.<\/p>\n<p>Jantar: 18h \u2013 19h15min.<\/p>\n<p>Em caso de desist\u00eancia, o interessado deve cancelar o agendamento ou disponibilizar, as duas op\u00e7\u00f5es podem ser realizadas no APP UFSM Digital ou no Portal do Restaurante Universit\u00e1rio.\u00a0<\/p>\n<p>Confira informa\u00e7\u00f5es sobre consumo e descarte no<strong>\u00a0<a href=\"https:\/\/www.ufsm.br\/pro-reitorias\/proinfra\/uma\/2022\/02\/17\/restaurante-universitario-da-ufsm-campus-sede-disponibilizara-marmitex-para-alunos-moradores-das-casas-do-estudante\/\" target=\"_blank\" rel=\"noreferrer noopener\">site do UMA \u2013 Universidade Sustent\u00e1vel.<\/a><\/strong><\/p>\n<p><em>Reportagem: Ana Laura Iwai, bolsista da Jornalismo da Ag\u00eancia de Not\u00edcias da UFSM, com informa\u00e7\u00f5es do UMA-Universidade Sustent\u00e1vel<br \/>Edi\u00e7\u00e3o: Davi Pereira<\/em><br \/><em>Foto: Felippe Richardt<\/em><\/p>\n","protected":false},"excerpt":{"rendered":"<p>Primeira etapa ser\u00e1 de refei\u00e7\u00f5es no sistema &#8220;pegue e leve&#8221; no RU I do Campus Santa Maria. Na pr\u00f3xima segunda-feira (21), o Restaurante Universit\u00e1rio I da UFSM deve voltar ao funcionamento. Ser\u00e1 o in\u00edcio da primeira etapa do retorno gradual ao funcionamento completo dos Restaurantes Universit\u00e1rios da UFSM. O processo de reabertura ser\u00e1 realizado em [&hellip;]<\/p>\n","protected":false},"author":322,"featured_media":0,"comment_status":"closed","ping_status":"closed","sticky":false,"template":"","format":"standard","meta":{"footnotes":""},"categories":[1],"tags":[],"class_list":["post-482","post","type-post","status-publish","format-standard","hentry","category-noticias"],"acf":[],"_links":{"self":[{"href":"https:\/\/www.ufsm.br\/orgaos-suplementares\/ru\/wp-json\/wp\/v2\/posts\/482","targetHints":{"allow":["GET"]}}],"collection":[{"href":"https:\/\/www.ufsm.br\/orgaos-suplementares\/ru\/wp-json\/wp\/v2\/posts"}],"about":[{"href":"https:\/\/www.ufsm.br\/orgaos-suplementares\/ru\/wp-json\/wp\/v2\/types\/post"}],"author":[{"embeddable":true,"href":"https:\/\/www.ufsm.br\/orgaos-suplementares\/ru\/wp-json\/wp\/v2\/users\/322"}],"replies":[{"embeddable":true,"href":"https:\/\/www.ufsm.br\/orgaos-suplementares\/ru\/wp-json\/wp\/v2\/comments?post=482"}],"version-history":[{"count":0,"href":"https:\/\/www.ufsm.br\/orgaos-suplementares\/ru\/wp-json\/wp\/v2\/posts\/482\/revisions"}],"wp:attachment":[{"href":"https:\/\/www.ufsm.br\/orgaos-suplementares\/ru\/wp-json\/wp\/v2\/media?parent=482"}],"wp:term":[{"taxonomy":"category","embeddable":true,"href":"https:\/\/www.ufsm.br\/orgaos-suplementares\/ru\/wp-json\/wp\/v2\/categories?post=482"},{"taxonomy":"post_tag","embeddable":true,"href":"https:\/\/www.ufsm.br\/orgaos-suplementares\/ru\/wp-json\/wp\/v2\/tags?post=482"}],"curies":[{"name":"wp","href":"https:\/\/api.w.org\/{rel}","templated":true}]}}