{"id":483,"date":"2022-02-25T13:09:06","date_gmt":"2022-02-25T16:09:06","guid":{"rendered":"https:\/\/www.ufsm.br\/orgaos-suplementares\/ru\/?p=483"},"modified":"2022-02-25T13:09:07","modified_gmt":"2022-02-25T16:09:07","slug":"funcionamento-do-ru-no-periodo-do-carnaval","status":"publish","type":"post","link":"https:\/\/www.ufsm.br\/orgaos-suplementares\/ru\/2022\/02\/25\/funcionamento-do-ru-no-periodo-do-carnaval","title":{"rendered":"Funcionamento do RU no per\u00edodo do carnaval"},"content":{"rendered":"\n<p>Nos dias 28\/02 e 01\/03 o RU estar\u00e1 fechado. As atividades retornam na quarta-feira, dia 02\/03, com distribui\u00e7\u00e3o de marmitex no almo\u00e7o e jantar.<\/p>\n","protected":false},"excerpt":{"rendered":"<p>Nos dias 28\/02 e 01\/03 o RU estar\u00e1 fechado. As atividades retornam na quarta-feira, dia 02\/03, com distribui\u00e7\u00e3o de marmitex no almo\u00e7o e jantar.<\/p>\n","protected":false},"author":322,"featured_media":0,"comment_status":"closed","ping_status":"closed","sticky":false,"template":"","format":"standard","meta":{"footnotes":""},"categories":[1],"tags":[],"class_list":["post-483","post","type-post","status-publish","format-standard","hentry","category-noticias"],"acf":[],"_links":{"self":[{"href":"https:\/\/www.ufsm.br\/orgaos-suplementares\/ru\/wp-json\/wp\/v2\/posts\/483","targetHints":{"allow":["GET"]}}],"collection":[{"href":"https:\/\/www.ufsm.br\/orgaos-suplementares\/ru\/wp-json\/wp\/v2\/posts"}],"about":[{"href":"https:\/\/www.ufsm.br\/orgaos-suplementares\/ru\/wp-json\/wp\/v2\/types\/post"}],"author":[{"embeddable":true,"href":"https:\/\/www.ufsm.br\/orgaos-suplementares\/ru\/wp-json\/wp\/v2\/users\/322"}],"replies":[{"embeddable":true,"href":"https:\/\/www.ufsm.br\/orgaos-suplementares\/ru\/wp-json\/wp\/v2\/comments?post=483"}],"version-history":[{"count":0,"href":"https:\/\/www.ufsm.br\/orgaos-suplementares\/ru\/wp-json\/wp\/v2\/posts\/483\/revisions"}],"wp:attachment":[{"href":"https:\/\/www.ufsm.br\/orgaos-suplementares\/ru\/wp-json\/wp\/v2\/media?parent=483"}],"wp:term":[{"taxonomy":"category","embeddable":true,"href":"https:\/\/www.ufsm.br\/orgaos-suplementares\/ru\/wp-json\/wp\/v2\/categories?post=483"},{"taxonomy":"post_tag","embeddable":true,"href":"https:\/\/www.ufsm.br\/orgaos-suplementares\/ru\/wp-json\/wp\/v2\/tags?post=483"}],"curies":[{"name":"wp","href":"https:\/\/api.w.org\/{rel}","templated":true}]}}