{"id":494,"date":"2022-04-29T14:22:23","date_gmt":"2022-04-29T17:22:23","guid":{"rendered":"https:\/\/www.ufsm.br\/orgaos-suplementares\/ru\/?p=494"},"modified":"2022-04-29T14:22:25","modified_gmt":"2022-04-29T17:22:25","slug":"novo-horario-de-funcionamento-do-ru-a-partir-de-maio","status":"publish","type":"post","link":"https:\/\/www.ufsm.br\/orgaos-suplementares\/ru\/2022\/04\/29\/novo-horario-de-funcionamento-do-ru-a-partir-de-maio","title":{"rendered":"Novo hor\u00e1rio de funcionamento do RU a partir de maio"},"content":{"rendered":"\n<p>A partir do dia 02\/05 o Restaurante Universit\u00e1rio sofrer\u00e1 altera\u00e7\u00f5es no hor\u00e1rio de funcionamento.<\/p>\n<p>O almo\u00e7o, tanto no RU Campus I quanto RU Campus II, passar\u00e1 a ocorrer nos seguintes hor\u00e1rios:<\/p>\n<ul>\n<li>10h45min at\u00e9 13h45min, de segunda a sexta-feira.<\/li>\n<\/ul>\n<p>\u00a0<\/p>\n<p>O jantar no RU Campus I tamb\u00e9m iniciar\u00e1 mais cedo:<\/p>\n<ul>\n<li>17h45min at\u00e9 19h45min, de segunda a sexta-feira.<\/li>\n<\/ul>\n<p>\u00a0<\/p>\n<p>Aos s\u00e1bados o caf\u00e9 iniciar\u00e1 \u00e0s 07h, com termino \u00e0s 8h40min. O almo\u00e7o e jantar do s\u00e1bado permanecer\u00e3o nos hor\u00e1rios atuais.<\/p>\n<p>\u00a0<\/p>\n<p>Confira os hor\u00e1rios completos <a href=\"https:\/\/www.ufsm.br\/orgaos-suplementares\/ru\/horarios\/\">aqui<\/a>.<\/p>\n","protected":false},"excerpt":{"rendered":"<p>A partir do dia 02\/05 o Restaurante Universit\u00e1rio sofrer\u00e1 altera\u00e7\u00f5es no hor\u00e1rio de funcionamento. O almo\u00e7o, tanto no RU Campus I quanto RU Campus II, passar\u00e1 a ocorrer nos seguintes hor\u00e1rios: 10h45min at\u00e9 13h45min, de segunda a sexta-feira. \u00a0 O jantar no RU Campus I tamb\u00e9m iniciar\u00e1 mais cedo: 17h45min at\u00e9 19h45min, de segunda a [&hellip;]<\/p>\n","protected":false},"author":322,"featured_media":0,"comment_status":"closed","ping_status":"closed","sticky":false,"template":"","format":"standard","meta":{"footnotes":""},"categories":[1],"tags":[],"class_list":["post-494","post","type-post","status-publish","format-standard","hentry","category-noticias"],"acf":[],"_links":{"self":[{"href":"https:\/\/www.ufsm.br\/orgaos-suplementares\/ru\/wp-json\/wp\/v2\/posts\/494","targetHints":{"allow":["GET"]}}],"collection":[{"href":"https:\/\/www.ufsm.br\/orgaos-suplementares\/ru\/wp-json\/wp\/v2\/posts"}],"about":[{"href":"https:\/\/www.ufsm.br\/orgaos-suplementares\/ru\/wp-json\/wp\/v2\/types\/post"}],"author":[{"embeddable":true,"href":"https:\/\/www.ufsm.br\/orgaos-suplementares\/ru\/wp-json\/wp\/v2\/users\/322"}],"replies":[{"embeddable":true,"href":"https:\/\/www.ufsm.br\/orgaos-suplementares\/ru\/wp-json\/wp\/v2\/comments?post=494"}],"version-history":[{"count":0,"href":"https:\/\/www.ufsm.br\/orgaos-suplementares\/ru\/wp-json\/wp\/v2\/posts\/494\/revisions"}],"wp:attachment":[{"href":"https:\/\/www.ufsm.br\/orgaos-suplementares\/ru\/wp-json\/wp\/v2\/media?parent=494"}],"wp:term":[{"taxonomy":"category","embeddable":true,"href":"https:\/\/www.ufsm.br\/orgaos-suplementares\/ru\/wp-json\/wp\/v2\/categories?post=494"},{"taxonomy":"post_tag","embeddable":true,"href":"https:\/\/www.ufsm.br\/orgaos-suplementares\/ru\/wp-json\/wp\/v2\/tags?post=494"}],"curies":[{"name":"wp","href":"https:\/\/api.w.org\/{rel}","templated":true}]}}