{"id":497,"date":"2022-05-05T16:53:21","date_gmt":"2022-05-05T19:53:21","guid":{"rendered":"https:\/\/www.ufsm.br\/orgaos-suplementares\/ru\/?p=497"},"modified":"2022-05-05T16:53:23","modified_gmt":"2022-05-05T19:53:23","slug":"ru-altera-prazos-de-agendamento-e-cancelamento-das-refeicoes","status":"publish","type":"post","link":"https:\/\/www.ufsm.br\/orgaos-suplementares\/ru\/2022\/05\/05\/ru-altera-prazos-de-agendamento-e-cancelamento-das-refeicoes","title":{"rendered":"RU altera prazos de agendamento e cancelamento das refei\u00e7\u00f5es"},"content":{"rendered":"\n<p>Informamos que os prazos de agendamento e cancelamento das refei\u00e7\u00f5es foram alterados, visando aumentar o quantitativo de refei\u00e7\u00f5es disponibilizadas.<\/p>\n<p>Dessa forma, os prazos ficam os mesmos, da seguinte maneira:<\/p>\n<p><strong>Desjejum: At\u00e9 \u00e0s 13 horas do dia anterior<\/strong> (agendamento e cancelamento).<\/p>\n<p><strong>Almo\u00e7o: At\u00e9 \u00e0s 20 horas do dia anterior<\/strong> (agendamento e cancelamento).<\/p>\n<p><strong>Jantar: At\u00e9 \u00e0s 11h30min do mesmo dia<\/strong> (agendamento e cancelamento).<\/p>\n<p>Salientamos que o agendamento das refei\u00e7\u00f5es pode ser feito para at\u00e9 <strong>04(quatro) dias corridos.<\/strong><\/p>\n<p>\u00a0<\/p>\n","protected":false},"excerpt":{"rendered":"<p>Informamos que os prazos de agendamento e cancelamento das refei\u00e7\u00f5es foram alterados, visando aumentar o quantitativo de refei\u00e7\u00f5es disponibilizadas. Dessa forma, os prazos ficam os mesmos, da seguinte maneira: Desjejum: At\u00e9 \u00e0s 13 horas do dia anterior (agendamento e cancelamento). Almo\u00e7o: At\u00e9 \u00e0s 20 horas do dia anterior (agendamento e cancelamento). Jantar: At\u00e9 \u00e0s 11h30min [&hellip;]<\/p>\n","protected":false},"author":321,"featured_media":0,"comment_status":"closed","ping_status":"closed","sticky":false,"template":"","format":"standard","meta":{"footnotes":""},"categories":[1],"tags":[],"class_list":["post-497","post","type-post","status-publish","format-standard","hentry","category-noticias"],"acf":[],"_links":{"self":[{"href":"https:\/\/www.ufsm.br\/orgaos-suplementares\/ru\/wp-json\/wp\/v2\/posts\/497","targetHints":{"allow":["GET"]}}],"collection":[{"href":"https:\/\/www.ufsm.br\/orgaos-suplementares\/ru\/wp-json\/wp\/v2\/posts"}],"about":[{"href":"https:\/\/www.ufsm.br\/orgaos-suplementares\/ru\/wp-json\/wp\/v2\/types\/post"}],"author":[{"embeddable":true,"href":"https:\/\/www.ufsm.br\/orgaos-suplementares\/ru\/wp-json\/wp\/v2\/users\/321"}],"replies":[{"embeddable":true,"href":"https:\/\/www.ufsm.br\/orgaos-suplementares\/ru\/wp-json\/wp\/v2\/comments?post=497"}],"version-history":[{"count":0,"href":"https:\/\/www.ufsm.br\/orgaos-suplementares\/ru\/wp-json\/wp\/v2\/posts\/497\/revisions"}],"wp:attachment":[{"href":"https:\/\/www.ufsm.br\/orgaos-suplementares\/ru\/wp-json\/wp\/v2\/media?parent=497"}],"wp:term":[{"taxonomy":"category","embeddable":true,"href":"https:\/\/www.ufsm.br\/orgaos-suplementares\/ru\/wp-json\/wp\/v2\/categories?post=497"},{"taxonomy":"post_tag","embeddable":true,"href":"https:\/\/www.ufsm.br\/orgaos-suplementares\/ru\/wp-json\/wp\/v2\/tags?post=497"}],"curies":[{"name":"wp","href":"https:\/\/api.w.org\/{rel}","templated":true}]}}