{"id":50,"date":"2015-08-24T11:00:42","date_gmt":"2015-08-24T14:00:42","guid":{"rendered":"https:\/\/www.ufsm.br\/orgaos-suplementares\/ru\/2015\/08\/24\/mais-duas-distribuicoes-de-alimentos-estao-disponiveis-para-agendamento\/"},"modified":"2015-08-24T11:00:42","modified_gmt":"2015-08-24T14:00:42","slug":"mais-duas-distribuicoes-de-alimentos-estao-disponiveis-para-agendamento","status":"publish","type":"post","link":"https:\/\/www.ufsm.br\/orgaos-suplementares\/ru\/2015\/08\/24\/mais-duas-distribuicoes-de-alimentos-estao-disponiveis-para-agendamento","title":{"rendered":"Mais duas distribui\u00e7\u00f5es de alimentos est\u00e3o dispon\u00edveis para agendamento"},"content":{"rendered":"<p style=\"text-align: justify;\"><span style=\"font-size: 12pt; font-family: helvetica;\">O Restaurante Universit\u00e1rio (RU) informa que, est\u00e3o dispon\u00edveis mais duas distribui\u00e7\u00f5es de alimentos para agendamento referente ao per\u00edodo de greve (setembro).<\/span><\/p>\n<p style=\"text-align: justify;\"><span style=\"font-size: 12pt; font-family: helvetica; color: #ff0000;\"><span style=\"line-height: 23px; text-align: justify;\">Obs. Os agendamentos ser\u00e3o cancelados automaticamente com t\u00e9rmino da greve e o retorno do funcionamento normal do RU.<\/span><\/span><\/p>\n<p style=\"margin-bottom: 0.0001pt; line-height: 17.25pt; text-align: justify;\" align=\"center\"><span style=\"font-size: 12pt; font-family: helvetica; color: #ff0000;\"><span style=\"line-height: 23px; text-align: justify;\"><\/span><\/span><span style=\"font-family: helvetica; font-size: 12pt; line-height: 17.25pt;\">Segue abaixo as datas e prazos para as distribui\u00e7\u00f5es da pr\u00f3xima semana:<\/span>&nbsp;<\/p>\n<table style=\"height: 258px; width: 559px;\" frame=\"box\" rules=\"all\">\n<tbody>\n<tr>\n<td style=\"text-align: center;\"><span style=\"font-family: helvetica; font-size: 12pt;\">&nbsp;<span style=\"font-weight: bold; color: #004074; line-height: 23px; text-align: center;\">N\u00ba<\/span><\/span><\/td>\n<td style=\"text-align: center;\"><span style=\"font-family: helvetica; font-size: 12pt;\">&nbsp;<span style=\"font-weight: bold; color: #004074; line-height: 23px; text-align: center;\">Data e hora retirada<\/span><\/span><\/td>\n<td style=\"text-align: center;\"><span style=\"font-family: helvetica; font-size: 12pt;\">&nbsp;<span style=\"font-weight: bold; color: #004074; line-height: 23px; text-align: center;\">Prazo final de agendamento<\/span><\/span><\/td>\n<td style=\"text-align: center;\"><span style=\"font-family: helvetica; font-size: 12pt;\">&nbsp;<span style=\"font-weight: bold; color: #004074; line-height: 23px; text-align: center;\">Cr\u00e9ditos<\/span><\/span><\/td>\n<td style=\"text-align: center;\"><span style=\"font-weight: bold; color: #004074; line-height: 23px; text-align: center; font-family: helvetica; font-size: 12pt;\">RU<\/span><\/td>\n<\/tr>\n<tr>\n<td style=\"text-align: center;\"><span style=\"font-family: helvetica; font-size: 12pt;\"><span style=\"color: #666666; line-height: 23px; text-align: center;\">27<\/span><\/span><\/td>\n<td style=\"text-align: center;\"><span style=\"font-family: helvetica; font-size: 12pt;\">&nbsp;<\/span> <\/p>\n<p style=\"margin: 0px 0px 0.0001pt; color: #666666; font-family: Helvetica, Arial, sans-serif; font-size: 13px; line-height: 17.25pt; text-align: center;\" align=\"center\"><span style=\"font-family: helvetica; font-size: 12pt;\">Ter\u00e7a-feira (1)<\/span><\/p>\n<p style=\"margin: 0px 0px 0.0001pt; color: #666666; font-family: Helvetica, Arial, sans-serif; font-size: 13px; line-height: 17.25pt; text-align: center;\" align=\"center\"><span style=\"font-family: helvetica; font-size: 12pt;\">12h \u00e0s 13h30min<\/span><\/p>\n<\/td>\n<td style=\"text-align: center;\"><span style=\"font-family: helvetica; font-size: 12pt;\">&nbsp;<span style=\"color: #666666; line-height: 23px; text-align: center;\">At\u00e9 quinta-feira (27) \u00e0s 9h<\/span><\/span><\/td>\n<td style=\"text-align: center;\"><span style=\"font-family: helvetica; font-size: 12pt;\">&nbsp;<\/span> <\/p>\n<p style=\"margin: 0px 0px 0.0001pt; color: #666666; font-family: Helvetica, Arial, sans-serif; font-size: 13px; line-height: 17.25pt; text-align: center;\" align=\"center\"><span style=\"font-family: helvetica; font-size: 12pt;\">9 (nove)<\/span><\/p>\n<p style=\"margin: 0px 0px 0.0001pt; color: #666666; font-family: Helvetica, Arial, sans-serif; font-size: 13px; line-height: 17.25pt; text-align: center;\" align=\"center\"><span style=\"font-family: helvetica; font-size: 12pt;\">quarta(2) \u00e0 sexta(4)<\/span><\/p>\n<\/td>\n<td style=\"text-align: center;\">\n<p style=\"margin: 0px 0px 0.0001pt; color: #666666; font-family: Helvetica, Arial, sans-serif; font-size: 13px; line-height: 17.25pt; text-align: center;\" align=\"center\"><span style=\"font-family: helvetica; font-size: 12pt;\">Campus<\/span><\/p>\n<p style=\"margin: 0px 0px 0.0001pt; color: #666666; font-family: Helvetica, Arial, sans-serif; font-size: 13px; line-height: 17.25pt; text-align: center;\" align=\"center\"><span style=\"font-family: helvetica; font-size: 12pt;\">Centro<\/span><\/p>\n<\/td>\n<\/tr>\n<tr>\n<td style=\"text-align: center;\"><span style=\"font-family: helvetica; font-size: 12pt;\"><span style=\"color: #666666; font-family: helvetica; font-size: 16px; line-height: 23px; text-align: center;\">28<\/span><\/span><\/td>\n<td style=\"text-align: center;\"><span style=\"font-family: helvetica; font-size: 12pt;\">&nbsp;<\/span> <\/p>\n<p style=\"margin: 0px 0px 0.0001pt; color: #666666; font-family: Helvetica, Arial, sans-serif; font-size: 13px; line-height: 17.25pt; text-align: center;\" align=\"center\"><span style=\"font-family: helvetica; font-size: 12pt;\">Sexta-feira (4)<\/span><\/p>\n<p style=\"margin: 0px 0px 0.0001pt; color: #666666; font-family: Helvetica, Arial, sans-serif; font-size: 13px; line-height: 17.25pt; text-align: center;\" align=\"center\"><span style=\"font-family: helvetica; font-size: 12pt;\">12h \u00e0s 13h30min<\/span><\/p>\n<\/td>\n<td style=\"text-align: center;\"><span style=\"font-family: helvetica; font-size: 12pt;\">&nbsp;<\/span> <\/p>\n<p style=\"margin: 0px 0px 0.0001pt; color: #666666; font-family: Helvetica, Arial, sans-serif; font-size: 13px; line-height: 17.25pt; text-align: center;\" align=\"center\"><span style=\"font-family: helvetica; font-size: 12pt;\">At\u00e9 ter\u00e7a-feira (1)<\/span><\/p>\n<p style=\"margin: 0px 0px 0.0001pt; color: #666666; font-family: Helvetica, Arial, sans-serif; font-size: 13px; line-height: 17.25pt; text-align: center;\" align=\"center\"><span style=\"font-family: helvetica; font-size: 12pt;\">\u00e0s 9h<\/span><\/p>\n<\/td>\n<td style=\"text-align: center;\"><span style=\"font-family: helvetica; font-size: 12pt;\">&nbsp;<\/span> <\/p>\n<p style=\"margin: 0px 0px 0.0001pt; color: #666666; font-family: Helvetica, Arial, sans-serif; font-size: 13px; line-height: 17.25pt; text-align: center;\" align=\"center\"><span style=\"font-family: helvetica; font-size: 12pt;\">15 (quinze)<\/span><\/p>\n<p style=\"margin: 0px 0px 0.0001pt; color: #666666; font-family: Helvetica, Arial, sans-serif; font-size: 13px; line-height: 17.25pt; text-align: center;\" align=\"center\"><span style=\"font-family: helvetica; font-size: 12pt;\">s\u00e1bado(5) \u00e0 quarta(9)<\/span><\/p>\n<\/td>\n<td style=\"text-align: center;\">\n<p style=\"margin: 0px 0px 0.0001pt; color: #666666; font-family: Helvetica, Arial, sans-serif; font-size: 13px; line-height: 17.25pt; text-align: center;\" align=\"center\"><span style=\"font-family: helvetica; font-size: 12pt;\">Campus<\/span><\/p>\n<p style=\"margin: 0px 0px 0.0001pt; color: #666666; font-family: Helvetica, Arial, sans-serif; font-size: 13px; line-height: 17.25pt; text-align: center;\" align=\"center\"><span style=\"font-family: helvetica; font-size: 12pt;\">Centro<\/span><\/p>\n<\/td>\n<\/tr>\n<\/tbody>\n<\/table>\n<p><span style=\"font-size: 12pt; font-family: helvetica;\"><em style=\"font-size: 10pt;\">*Calend\u00e1rio sujeito a altera\u00e7\u00f5es<\/em><\/span><\/p>\n<p style=\"text-align: justify;\"><span style=\"font-size: 12pt; font-family: helvetica;\"><strong>Quem poder\u00e1 retirar:<\/strong><\/span><br \/><span style=\"font-size: 12pt; font-family: helvetica;\">Alunos com benef\u00edcio socioecon\u00f4mico ativo, morador ou n\u00e3o da Casa de Estudante (CEU), cadastrados no RU. Para realizar o cadastro, o aluno dever\u00e1 comparecer pessoalmente, em hor\u00e1rio de expediente*, em uma das unidades (campus ou centro), portando a carteira de identifica\u00e7\u00e3o do usu\u00e1rio (biblioteca). Os demais alunos (Ind\u00edgenas e AUGM) que normalmente retiram no per\u00edodo letivo tamb\u00e9m poder\u00e3o pegar a distribui\u00e7\u00e3o.<\/span><\/p>\n<p style=\"text-align: justify;\"><span style=\"font-size: 12pt; font-family: helvetica;\"><strong>Como agendar:<\/strong><\/span><br \/><span style=\"font-size: 12pt; font-family: helvetica;\">O agendamento da distribui\u00e7\u00e3o \u00e9 realizado diretamente no Site RU &gt; Agende sua refei\u00e7\u00e3o!<\/span><br \/><span style=\"font-size: 12pt; font-family: helvetica;\">No per\u00edodo de agendamento o aluno dever\u00e1 informar a data de retirada da distribui\u00e7\u00e3o. Caso seja um \u00fanico dia, a data de in\u00edcio e fim dever\u00e1 ser a mesma. Ex. Distribui\u00e7\u00e3o dia 14\/07 &#8211; Data In\u00edcio 14\/07\/2015 e Fim 14\/07\/2015. Se for para as distribui\u00e7\u00f5es dos dias 14 e 17\/07 &#8211; Data In\u00edcio 14\/07\/2015 e Fim 17\/07\/2015.<\/span><\/p>\n<p style=\"text-align: justify;\"><span style=\"color: #ff0000; font-size: 12pt; font-family: helvetica;\">Aqueles alunos com problema no agendamento devem entrar em contato com a secretaria. N\u00e3o ser\u00e3o aceitos agendamentos fora do prazo.<\/span><\/p>\n<p style=\"text-align: justify;\"><span style=\"font-size: 12pt; font-family: helvetica;\">Mais informa\u00e7\u00f5es na secretaria do RU ou pelo fone (55) 3220-8405.<\/span><br \/><span style=\"font-size: 12pt; font-family: helvetica;\">&nbsp;<\/span><br \/><span style=\"font-size: 12pt; font-family: helvetica;\"><\/span><\/p>\n<p style=\"text-align: justify;\"><span style=\"font-size: 10pt; font-family: helvetica;\"><em>*Segunda \u00e0 Sexta-feira das 8h \u00e0s 12h e 13h \u00e0s 16h. <\/em> <\/span><\/p>\n","protected":false},"excerpt":{"rendered":"<p>O Restaurante Universit\u00e1rio (RU) informa que, est\u00e3o dispon\u00edveis mais duas distribui\u00e7\u00f5es de alimentos para agendamento referente ao per\u00edodo de greve (setembro). Obs. Os agendamentos ser\u00e3o cancelados automaticamente com t\u00e9rmino da greve e o retorno do funcionamento normal do RU. Segue abaixo as datas e prazos para as distribui\u00e7\u00f5es da pr\u00f3xima semana:&nbsp; &nbsp;N\u00ba &nbsp;Data e hora [&hellip;]<\/p>\n","protected":false},"author":8,"featured_media":0,"comment_status":"closed","ping_status":"closed","sticky":false,"template":"","format":"standard","meta":{"footnotes":""},"categories":[1],"tags":[],"class_list":["post-50","post","type-post","status-publish","format-standard","hentry","category-noticias"],"acf":[],"_links":{"self":[{"href":"https:\/\/www.ufsm.br\/orgaos-suplementares\/ru\/wp-json\/wp\/v2\/posts\/50","targetHints":{"allow":["GET"]}}],"collection":[{"href":"https:\/\/www.ufsm.br\/orgaos-suplementares\/ru\/wp-json\/wp\/v2\/posts"}],"about":[{"href":"https:\/\/www.ufsm.br\/orgaos-suplementares\/ru\/wp-json\/wp\/v2\/types\/post"}],"author":[{"embeddable":true,"href":"https:\/\/www.ufsm.br\/orgaos-suplementares\/ru\/wp-json\/wp\/v2\/users\/8"}],"replies":[{"embeddable":true,"href":"https:\/\/www.ufsm.br\/orgaos-suplementares\/ru\/wp-json\/wp\/v2\/comments?post=50"}],"version-history":[{"count":0,"href":"https:\/\/www.ufsm.br\/orgaos-suplementares\/ru\/wp-json\/wp\/v2\/posts\/50\/revisions"}],"wp:attachment":[{"href":"https:\/\/www.ufsm.br\/orgaos-suplementares\/ru\/wp-json\/wp\/v2\/media?parent=50"}],"wp:term":[{"taxonomy":"category","embeddable":true,"href":"https:\/\/www.ufsm.br\/orgaos-suplementares\/ru\/wp-json\/wp\/v2\/categories?post=50"},{"taxonomy":"post_tag","embeddable":true,"href":"https:\/\/www.ufsm.br\/orgaos-suplementares\/ru\/wp-json\/wp\/v2\/tags?post=50"}],"curies":[{"name":"wp","href":"https:\/\/api.w.org\/{rel}","templated":true}]}}