{"id":552,"date":"2022-08-23T10:20:50","date_gmt":"2022-08-23T13:20:50","guid":{"rendered":"https:\/\/www.ufsm.br\/orgaos-suplementares\/ru\/?p=552"},"modified":"2022-10-27T16:21:50","modified_gmt":"2022-10-27T19:21:50","slug":"kit-de-distribuicao-de-generos-alimenticios-sera-entregue-nesta-sexta-feira-26","status":"publish","type":"post","link":"https:\/\/www.ufsm.br\/orgaos-suplementares\/ru\/2022\/08\/23\/kit-de-distribuicao-de-generos-alimenticios-sera-entregue-nesta-sexta-feira-26","title":{"rendered":"Kit de distribui\u00e7\u00e3o de g\u00eaneros aliment\u00edcios ser\u00e1 entregue nesta sexta-feira"},"content":{"rendered":"\n<p style=\"text-align: justify\">O Restaurante Universit\u00e1rio (RU) informa que, nesta sexta-feira, dia 26 de agosto, ser\u00e1 realizada a entrega dos kits de distribui\u00e7\u00e3o de g\u00eaneros aliment\u00edcios referente ao s\u00e1bado e domingo. O Kit de distribui\u00e7\u00e3o \u00e9 composto por tr\u00eas refei\u00e7\u00f5es (caf\u00e9 da manh\u00e3, almo\u00e7o e jantar) e entregue no formato <em>in natura<\/em>.<\/p>\n<p style=\"text-align: justify\"><strong>1) Quem tem direito ao Kit<\/strong><br \/>I \u2013 Alunos com benef\u00edcio socioecon\u00f4mico (BSE) ativo, devidamente cadastrados no sistema de moradia da PRAE;<br \/>II \u2013 Alunos ind\u00edgenas, devidamente cadastrados no sistema de moradia da PRAE; e,<br \/>III \u2013 Filhos de pais ou m\u00e3es residentes na Casa de Estudante da UFSM (dependente), devidamente cadastrados na PRAE.<\/p>\n<p style=\"text-align: justify\"><strong>2) Como solicitar o Kit<\/strong><br \/>As solicita\u00e7\u00f5es do <strong>Kit distribui\u00e7\u00e3o 1 (C + A + J)<\/strong> dever\u00e3o ser efetuadas por <strong>agendamento online<\/strong>, realizados no <a href=\"https:\/\/portal.ufsm.br\/ru\/usuario\/agendamento\/form.html\">Portal RU<\/a> ou no aplicativo de celular <a href=\"https:\/\/www.ufsm.br\/orgaos-suplementares\/cpd\/servicos\/aplicativo-ufsm-digital\/\">UFSM Digital<\/a>. Os usu\u00e1rios que optarem pela prote\u00edna de origem vegetal, ao inv\u00e9s da carne, dever\u00e3o marcar a op\u00e7\u00e3o vegetariana, no ato do agendamento.<\/p>\n<p style=\"text-align: justify\"><strong>3) Prazo de agendamento<\/strong><br \/>O prazo de agendamento inicia nesta ter\u00e7a-feira (23\/08) e encerra na quarta-feira (24\/08), \u00e0s 11h da manh\u00e3.<\/p>\n<p style=\"text-align: justify\"><strong>4) Entrega do Kit<\/strong><br \/>O Kit de distribui\u00e7\u00e3o ser\u00e1 entregue nesta<strong> sexta-feira (26\/08), das 15h45 \u00e0s 17h<\/strong>, <strong>no RU Campus I<\/strong>. Os usu\u00e1rios dever\u00e3o apresentar, no momento da entrega dos Kits, a carteira de identifica\u00e7\u00e3o do RU, seja na vers\u00e3o f\u00edsica ou digital, ou ainda, para os alunos, o comprovante de matr\u00edcula com c\u00f3digo de barras (f\u00edsico ou digital).<\/p>\n<p style=\"text-align: justify\"><strong>5) Acondicionamento dos g\u00eaneros<\/strong><br \/>Os usu\u00e1rios dever\u00e3o trazer recursos para acondicionamento e transporte dos g\u00eaneros relativos ao Kit de distribui\u00e7\u00e3o (sacolas). O consumo dos g\u00eaneros aliment\u00edcios pelos usu\u00e1rios dever\u00e1 ser realizado de acordo com a data de validade indicada na embalagem e produtos de origem animal devem ser conservados sob refrigera\u00e7\u00e3o.<\/p>\n<p>Para ver o regulamento do Kit de distribui\u00e7\u00e3o\u00a0<strong><a href=\"https:\/\/www.ufsm.br\/app\/uploads\/sites\/398\/2022\/10\/Regulamento_interno_kit_distrib_generos.pdf\">Clique aqui<\/a><\/strong><\/p>\n<p>Mais informa\u00e7\u00f5es na secretaria do RU ou pelo e-mail secretaria.ru@ufsm.br<\/p>\n","protected":false},"excerpt":{"rendered":"<p>O Restaurante Universit\u00e1rio (RU) informa que, nesta sexta-feira, dia 26 de agosto, ser\u00e1 realizada a entrega dos kits de distribui\u00e7\u00e3o de g\u00eaneros aliment\u00edcios referente ao s\u00e1bado e domingo. O Kit de distribui\u00e7\u00e3o \u00e9 composto por tr\u00eas refei\u00e7\u00f5es (caf\u00e9 da manh\u00e3, almo\u00e7o e jantar) e entregue no formato in natura. 1) Quem tem direito ao KitI [&hellip;]<\/p>\n","protected":false},"author":323,"featured_media":0,"comment_status":"closed","ping_status":"closed","sticky":false,"template":"","format":"standard","meta":{"footnotes":""},"categories":[1],"tags":[],"class_list":["post-552","post","type-post","status-publish","format-standard","hentry","category-noticias"],"acf":[],"_links":{"self":[{"href":"https:\/\/www.ufsm.br\/orgaos-suplementares\/ru\/wp-json\/wp\/v2\/posts\/552","targetHints":{"allow":["GET"]}}],"collection":[{"href":"https:\/\/www.ufsm.br\/orgaos-suplementares\/ru\/wp-json\/wp\/v2\/posts"}],"about":[{"href":"https:\/\/www.ufsm.br\/orgaos-suplementares\/ru\/wp-json\/wp\/v2\/types\/post"}],"author":[{"embeddable":true,"href":"https:\/\/www.ufsm.br\/orgaos-suplementares\/ru\/wp-json\/wp\/v2\/users\/323"}],"replies":[{"embeddable":true,"href":"https:\/\/www.ufsm.br\/orgaos-suplementares\/ru\/wp-json\/wp\/v2\/comments?post=552"}],"version-history":[{"count":0,"href":"https:\/\/www.ufsm.br\/orgaos-suplementares\/ru\/wp-json\/wp\/v2\/posts\/552\/revisions"}],"wp:attachment":[{"href":"https:\/\/www.ufsm.br\/orgaos-suplementares\/ru\/wp-json\/wp\/v2\/media?parent=552"}],"wp:term":[{"taxonomy":"category","embeddable":true,"href":"https:\/\/www.ufsm.br\/orgaos-suplementares\/ru\/wp-json\/wp\/v2\/categories?post=552"},{"taxonomy":"post_tag","embeddable":true,"href":"https:\/\/www.ufsm.br\/orgaos-suplementares\/ru\/wp-json\/wp\/v2\/tags?post=552"}],"curies":[{"name":"wp","href":"https:\/\/api.w.org\/{rel}","templated":true}]}}