{"id":553,"date":"2022-08-24T15:22:52","date_gmt":"2022-08-24T18:22:52","guid":{"rendered":"https:\/\/www.ufsm.br\/orgaos-suplementares\/ru\/?p=553"},"modified":"2022-08-24T15:22:53","modified_gmt":"2022-08-24T18:22:53","slug":"atencao-agendamento-da-distribuicao-de-kits-prorrogado-ate-as-18h","status":"publish","type":"post","link":"https:\/\/www.ufsm.br\/orgaos-suplementares\/ru\/2022\/08\/24\/atencao-agendamento-da-distribuicao-de-kits-prorrogado-ate-as-18h","title":{"rendered":"ATEN\u00c7\u00c3O! Agendamento da distribui\u00e7\u00e3o de Kits prorrogado at\u00e9 as 18h"},"content":{"rendered":"\n<p>Em virtude da indisponibilidade do sistema de agendamentos no dia 24\/08, foi prorrogado at\u00e9 as 18 horas de hoje (24\/08) o hor\u00e1rio limite para agendamento da distribui\u00e7\u00e3o de Kits de alimenta\u00e7\u00e3o.<\/p>\n","protected":false},"excerpt":{"rendered":"<p>Em virtude da indisponibilidade do sistema de agendamentos no dia 24\/08, foi prorrogado at\u00e9 as 18 horas de hoje (24\/08) o hor\u00e1rio limite para agendamento da distribui\u00e7\u00e3o de Kits de alimenta\u00e7\u00e3o.<\/p>\n","protected":false},"author":5814,"featured_media":0,"comment_status":"closed","ping_status":"closed","sticky":false,"template":"","format":"standard","meta":{"footnotes":""},"categories":[1],"tags":[],"class_list":["post-553","post","type-post","status-publish","format-standard","hentry","category-noticias"],"acf":[],"_links":{"self":[{"href":"https:\/\/www.ufsm.br\/orgaos-suplementares\/ru\/wp-json\/wp\/v2\/posts\/553","targetHints":{"allow":["GET"]}}],"collection":[{"href":"https:\/\/www.ufsm.br\/orgaos-suplementares\/ru\/wp-json\/wp\/v2\/posts"}],"about":[{"href":"https:\/\/www.ufsm.br\/orgaos-suplementares\/ru\/wp-json\/wp\/v2\/types\/post"}],"author":[{"embeddable":true,"href":"https:\/\/www.ufsm.br\/orgaos-suplementares\/ru\/wp-json\/wp\/v2\/users\/5814"}],"replies":[{"embeddable":true,"href":"https:\/\/www.ufsm.br\/orgaos-suplementares\/ru\/wp-json\/wp\/v2\/comments?post=553"}],"version-history":[{"count":0,"href":"https:\/\/www.ufsm.br\/orgaos-suplementares\/ru\/wp-json\/wp\/v2\/posts\/553\/revisions"}],"wp:attachment":[{"href":"https:\/\/www.ufsm.br\/orgaos-suplementares\/ru\/wp-json\/wp\/v2\/media?parent=553"}],"wp:term":[{"taxonomy":"category","embeddable":true,"href":"https:\/\/www.ufsm.br\/orgaos-suplementares\/ru\/wp-json\/wp\/v2\/categories?post=553"},{"taxonomy":"post_tag","embeddable":true,"href":"https:\/\/www.ufsm.br\/orgaos-suplementares\/ru\/wp-json\/wp\/v2\/tags?post=553"}],"curies":[{"name":"wp","href":"https:\/\/api.w.org\/{rel}","templated":true}]}}