{"id":554,"date":"2022-08-25T11:11:24","date_gmt":"2022-08-25T14:11:24","guid":{"rendered":"https:\/\/www.ufsm.br\/orgaos-suplementares\/ru\/?p=554"},"modified":"2022-08-26T08:47:18","modified_gmt":"2022-08-26T11:47:18","slug":"ru-informa-sobre-atendimento-no-periodo-nao-letivo-2","status":"publish","type":"post","link":"https:\/\/www.ufsm.br\/orgaos-suplementares\/ru\/2022\/08\/25\/ru-informa-sobre-atendimento-no-periodo-nao-letivo-2","title":{"rendered":"RU informa sobre atendimento no per\u00edodo n\u00e3o letivo"},"content":{"rendered":"\n<p style=\"text-align: justify\">O Restaurante Universit\u00e1rio (RU) informa que, do per\u00edodo de 29 de agosto a 09 de setembro, atender\u00e1 alunos com o Benef\u00edcio Socioecon\u00f4mico (BSE) ativo e servidores da UFSM, servidores esses que pagam o valor integral das refei\u00e7\u00f5es no RU, conforme definido no art. 3\u00ba da <a href=\"https:\/\/portal.ufsm.br\/documentos\/download.html?action=arquivosIndexados&amp;id=14227010&amp;download=false\">Resolu\u00e7\u00e3o UFSM n. 098\/2022<\/a>. <strong>O RU salienta que atender\u00e1 de segunda \u00e0 sexta-feira, em hor\u00e1rio reduzido.<\/strong><\/p>\n<p style=\"text-align: justify\">Hor\u00e1rio de atendimento (n\u00e3o letivo): <br \/><strong>Caf\u00e9 da manh\u00e3: 07h \u00e0s 08h40<\/strong><br \/><strong>Almo\u00e7o: 11h \u00e0s 13h<\/strong><br \/><strong>Jantar: 18h \u00e0s 19h30<\/strong><\/p>\n<p style=\"text-align: justify\">Os kits de distribui\u00e7\u00e3o de g\u00eaneros aliment\u00edcios entregues para os alunos com Benef\u00edcio Socioecon\u00f4mico (BSE) ativo e residentes das Casas de Estudantes (CEU), referente a alimenta\u00e7\u00e3o do s\u00e1bado e domingo, <strong>ser\u00e3o realizados nas sextas-feiras, das 15h45 \u00e0s 17h<\/strong>. O agendamento do kit inicia na ter\u00e7a-feira e encerra na quarta-feira, \u00e0s 11h da manh\u00e3.<\/p>\n<p>Mais informa\u00e7\u00f5es na secretaria do RU ou pelo fone (55) 3220-8405 ou ainda pelo e-mail secretaria.ru@ufsm.br.<\/p>\n<p>\u00a0<\/p>\n","protected":false},"excerpt":{"rendered":"<p>O Restaurante Universit\u00e1rio (RU) informa que, do per\u00edodo de 29 de agosto a 09 de setembro, atender\u00e1 alunos com o Benef\u00edcio Socioecon\u00f4mico (BSE) ativo e servidores da UFSM, servidores esses que pagam o valor integral das refei\u00e7\u00f5es no RU, conforme definido no art. 3\u00ba da Resolu\u00e7\u00e3o UFSM n. 098\/2022. O RU salienta que atender\u00e1 de [&hellip;]<\/p>\n","protected":false},"author":323,"featured_media":0,"comment_status":"closed","ping_status":"closed","sticky":false,"template":"","format":"standard","meta":{"footnotes":""},"categories":[1],"tags":[],"class_list":["post-554","post","type-post","status-publish","format-standard","hentry","category-noticias"],"acf":[],"_links":{"self":[{"href":"https:\/\/www.ufsm.br\/orgaos-suplementares\/ru\/wp-json\/wp\/v2\/posts\/554","targetHints":{"allow":["GET"]}}],"collection":[{"href":"https:\/\/www.ufsm.br\/orgaos-suplementares\/ru\/wp-json\/wp\/v2\/posts"}],"about":[{"href":"https:\/\/www.ufsm.br\/orgaos-suplementares\/ru\/wp-json\/wp\/v2\/types\/post"}],"author":[{"embeddable":true,"href":"https:\/\/www.ufsm.br\/orgaos-suplementares\/ru\/wp-json\/wp\/v2\/users\/323"}],"replies":[{"embeddable":true,"href":"https:\/\/www.ufsm.br\/orgaos-suplementares\/ru\/wp-json\/wp\/v2\/comments?post=554"}],"version-history":[{"count":0,"href":"https:\/\/www.ufsm.br\/orgaos-suplementares\/ru\/wp-json\/wp\/v2\/posts\/554\/revisions"}],"wp:attachment":[{"href":"https:\/\/www.ufsm.br\/orgaos-suplementares\/ru\/wp-json\/wp\/v2\/media?parent=554"}],"wp:term":[{"taxonomy":"category","embeddable":true,"href":"https:\/\/www.ufsm.br\/orgaos-suplementares\/ru\/wp-json\/wp\/v2\/categories?post=554"},{"taxonomy":"post_tag","embeddable":true,"href":"https:\/\/www.ufsm.br\/orgaos-suplementares\/ru\/wp-json\/wp\/v2\/tags?post=554"}],"curies":[{"name":"wp","href":"https:\/\/api.w.org\/{rel}","templated":true}]}}