{"id":556,"date":"2022-09-02T13:01:56","date_gmt":"2022-09-02T16:01:56","guid":{"rendered":"https:\/\/www.ufsm.br\/orgaos-suplementares\/ru\/?p=556"},"modified":"2022-09-02T13:01:57","modified_gmt":"2022-09-02T16:01:57","slug":"kits-de-distribuicao-programacao-para-a-semana-do-dia-sete-de-setembro","status":"publish","type":"post","link":"https:\/\/www.ufsm.br\/orgaos-suplementares\/ru\/2022\/09\/02\/kits-de-distribuicao-programacao-para-a-semana-do-dia-sete-de-setembro","title":{"rendered":"Kits de Distribui\u00e7\u00e3o: programa\u00e7\u00e3o para a semana do dia sete de setembro"},"content":{"rendered":"\n<p>Os kits de distribui\u00e7\u00e3o de g\u00eaneros aliment\u00edcios, referentes ao feriado de Sete de Setembro, ser\u00e3o entregues para moradores da Casa do Estudante na ter\u00e7a-feira (06) das 15h45 \u00e0s 17h, no refeit\u00f3rio do RU Campus I.<br \/>O prazo de agendamento inicia no domingo e encerra na segunda-feira, as 11h.<br \/>Na sexta-feira (09) o RU estar\u00e1 fechado para manuten\u00e7\u00e3o, portanto a distribui\u00e7\u00e3o dos kits referentes a alimenta\u00e7\u00e3o de sexta, s\u00e1bado e domingo ser\u00e1 realizada na quinta- feira (08) das 15h45 \u00e0s 17h, no refeit\u00f3rio do RU Campus I.<br \/>O prazo de agendamento inicia na ter\u00e7a-feira e encerra na quarta-feira, as 11h.<\/p>\n<p style=\"text-align: justify\">Texto: Gabriela Wohlenberg (Assessoria de Comunica\u00e7\u00e3o\/RU)<\/p>\n<p>Revis\u00e3o: Rodrigo Cavalheiro (Secretaria\/RU)<\/p>\n\n\n","protected":false},"excerpt":{"rendered":"<p>Os kits de distribui\u00e7\u00e3o de g\u00eaneros aliment\u00edcios, referentes ao feriado de Sete de Setembro, ser\u00e3o entregues para moradores da Casa do Estudante na ter\u00e7a-feira (06) das 15h45 \u00e0s 17h, no refeit\u00f3rio do RU Campus I.O prazo de agendamento inicia no domingo e encerra na segunda-feira, as 11h.Na sexta-feira (09) o RU estar\u00e1 fechado para manuten\u00e7\u00e3o, [&hellip;]<\/p>\n","protected":false},"author":5814,"featured_media":0,"comment_status":"closed","ping_status":"closed","sticky":false,"template":"","format":"standard","meta":{"footnotes":""},"categories":[1],"tags":[],"class_list":["post-556","post","type-post","status-publish","format-standard","hentry","category-noticias"],"acf":[],"_links":{"self":[{"href":"https:\/\/www.ufsm.br\/orgaos-suplementares\/ru\/wp-json\/wp\/v2\/posts\/556","targetHints":{"allow":["GET"]}}],"collection":[{"href":"https:\/\/www.ufsm.br\/orgaos-suplementares\/ru\/wp-json\/wp\/v2\/posts"}],"about":[{"href":"https:\/\/www.ufsm.br\/orgaos-suplementares\/ru\/wp-json\/wp\/v2\/types\/post"}],"author":[{"embeddable":true,"href":"https:\/\/www.ufsm.br\/orgaos-suplementares\/ru\/wp-json\/wp\/v2\/users\/5814"}],"replies":[{"embeddable":true,"href":"https:\/\/www.ufsm.br\/orgaos-suplementares\/ru\/wp-json\/wp\/v2\/comments?post=556"}],"version-history":[{"count":0,"href":"https:\/\/www.ufsm.br\/orgaos-suplementares\/ru\/wp-json\/wp\/v2\/posts\/556\/revisions"}],"wp:attachment":[{"href":"https:\/\/www.ufsm.br\/orgaos-suplementares\/ru\/wp-json\/wp\/v2\/media?parent=556"}],"wp:term":[{"taxonomy":"category","embeddable":true,"href":"https:\/\/www.ufsm.br\/orgaos-suplementares\/ru\/wp-json\/wp\/v2\/categories?post=556"},{"taxonomy":"post_tag","embeddable":true,"href":"https:\/\/www.ufsm.br\/orgaos-suplementares\/ru\/wp-json\/wp\/v2\/tags?post=556"}],"curies":[{"name":"wp","href":"https:\/\/api.w.org\/{rel}","templated":true}]}}