{"id":574,"date":"2022-09-16T08:48:09","date_gmt":"2022-09-16T11:48:09","guid":{"rendered":"https:\/\/www.ufsm.br\/orgaos-suplementares\/ru\/?p=574"},"modified":"2022-09-16T08:48:10","modified_gmt":"2022-09-16T11:48:10","slug":"ru-informa-sobre-atendimento-nesta-segunda-feira","status":"publish","type":"post","link":"https:\/\/www.ufsm.br\/orgaos-suplementares\/ru\/2022\/09\/16\/ru-informa-sobre-atendimento-nesta-segunda-feira","title":{"rendered":"RU informa sobre atendimento nesta segunda-feira"},"content":{"rendered":"\n<p style=\"text-align: justify\">O Restaurante Universit\u00e1rio (RU) informa que, nesta segunda-feira (19), por ser um dia n\u00e3o letivo, conforme calend\u00e1rio acad\u00eamico da UFSM, atender\u00e1 alunos com o Benef\u00edcio Socioecon\u00f4mico (BSE) ativo e servidores da UFSM, mediante agendamento obrigat\u00f3rio das refei\u00e7\u00f5es. O RU informa ainda que atender\u00e1 somente no RU Campus I e em hor\u00e1rio reduzido.<\/p>\n<p><span style=\"text-decoration: underline\"><strong>Hor\u00e1rio de atendimento (n\u00e3o letivo):<\/strong><\/span><br \/><strong>Caf\u00e9 da manh\u00e3: 07h \u00e0s 08h40<\/strong><br \/><strong>Almo\u00e7o: 11h \u00e0s 13h<\/strong><br \/><strong>Jantar: 18h \u00e0s 19h30<\/strong><\/p>\n<p>Os kits de distribui\u00e7\u00e3o de g\u00eaneros aliment\u00edcios, referente ao feriado do dia 20, ser\u00e1 entregue para os alunos com Benef\u00edcio Socioecon\u00f4mico (BSE) ativo e residentes das Casas de Estudantes (CEU), na segunda-feira (19), das 15h45 \u00e0s 17h. O agendamento do kit inicia nesta sexta-feira (16) e encerra no s\u00e1bado (17), \u00e0s 11h da manh\u00e3.<\/p>\n<p>Na quarta-feira (21) volta o atendimento na sua normalidade.\u00a0<\/p>\n<p style=\"text-align: justify\">Mais informa\u00e7\u00f5es na secretaria do RU ou pelo fone (55) 3220-8405 ou ainda pelo e-mail secretaria.ru@ufsm.br.<\/p>\n","protected":false},"excerpt":{"rendered":"<p>O Restaurante Universit\u00e1rio (RU) informa que, nesta segunda-feira (19), por ser um dia n\u00e3o letivo, conforme calend\u00e1rio acad\u00eamico da UFSM, atender\u00e1 alunos com o Benef\u00edcio Socioecon\u00f4mico (BSE) ativo e servidores da UFSM, mediante agendamento obrigat\u00f3rio das refei\u00e7\u00f5es. O RU informa ainda que atender\u00e1 somente no RU Campus I e em hor\u00e1rio reduzido. Hor\u00e1rio de atendimento [&hellip;]<\/p>\n","protected":false},"author":323,"featured_media":0,"comment_status":"closed","ping_status":"closed","sticky":false,"template":"","format":"standard","meta":{"footnotes":""},"categories":[1],"tags":[],"class_list":["post-574","post","type-post","status-publish","format-standard","hentry","category-noticias"],"acf":[],"_links":{"self":[{"href":"https:\/\/www.ufsm.br\/orgaos-suplementares\/ru\/wp-json\/wp\/v2\/posts\/574","targetHints":{"allow":["GET"]}}],"collection":[{"href":"https:\/\/www.ufsm.br\/orgaos-suplementares\/ru\/wp-json\/wp\/v2\/posts"}],"about":[{"href":"https:\/\/www.ufsm.br\/orgaos-suplementares\/ru\/wp-json\/wp\/v2\/types\/post"}],"author":[{"embeddable":true,"href":"https:\/\/www.ufsm.br\/orgaos-suplementares\/ru\/wp-json\/wp\/v2\/users\/323"}],"replies":[{"embeddable":true,"href":"https:\/\/www.ufsm.br\/orgaos-suplementares\/ru\/wp-json\/wp\/v2\/comments?post=574"}],"version-history":[{"count":0,"href":"https:\/\/www.ufsm.br\/orgaos-suplementares\/ru\/wp-json\/wp\/v2\/posts\/574\/revisions"}],"wp:attachment":[{"href":"https:\/\/www.ufsm.br\/orgaos-suplementares\/ru\/wp-json\/wp\/v2\/media?parent=574"}],"wp:term":[{"taxonomy":"category","embeddable":true,"href":"https:\/\/www.ufsm.br\/orgaos-suplementares\/ru\/wp-json\/wp\/v2\/categories?post=574"},{"taxonomy":"post_tag","embeddable":true,"href":"https:\/\/www.ufsm.br\/orgaos-suplementares\/ru\/wp-json\/wp\/v2\/tags?post=574"}],"curies":[{"name":"wp","href":"https:\/\/api.w.org\/{rel}","templated":true}]}}