{"id":575,"date":"2022-09-20T20:07:39","date_gmt":"2022-09-20T23:07:39","guid":{"rendered":"https:\/\/www.ufsm.br\/orgaos-suplementares\/ru\/?p=575"},"modified":"2022-09-20T20:14:19","modified_gmt":"2022-09-20T23:14:19","slug":"sistema-de-agendamento-do-ru-esta-normalizado","status":"publish","type":"post","link":"https:\/\/www.ufsm.br\/orgaos-suplementares\/ru\/2022\/09\/20\/sistema-de-agendamento-do-ru-esta-normalizado","title":{"rendered":"Sistema de agendamento das refei\u00e7\u00f5es do RU est\u00e1 normalizado"},"content":{"rendered":"\n<p>A Dire\u00e7\u00e3o do Restaurante Universit\u00e1rio informa aos usu\u00e1rios que o sistema de agendamento das refei\u00e7\u00f5es do restaurante passou por atualiza\u00e7\u00f5es desde o dia 16 de setembro, assim como todos portais da UFSM.<\/p>\n<p>Salientamos que o sistema se encontra apto para o agendamento das refei\u00e7\u00f5es desde as 17:30 do dia 20\/09.<\/p>\n<p><strong>Agendamentos com prazos especiais:<\/strong><\/p>\n<p>Caf\u00e9 da manh\u00e3: excepcionalmente no dia 21\/09 n\u00e3o ser\u00e1 necess\u00e1rio realizar o agendamento.<\/p>\n<p>Almo\u00e7o: agendamento deve ser realizado at\u00e9 as 22 horas do dia 20\/09.<\/p>\n<p>Jantar: agendamento deve ser realizado at\u00e9 as 11:30 horas do dia 21\/09.<\/p>\n<p>Agradecemos a compreens\u00e3o.<\/p>\n","protected":false},"excerpt":{"rendered":"<p>A Dire\u00e7\u00e3o do Restaurante Universit\u00e1rio informa aos usu\u00e1rios que o sistema de agendamento das refei\u00e7\u00f5es do restaurante passou por atualiza\u00e7\u00f5es desde o dia 16 de setembro, assim como todos portais da UFSM. Salientamos que o sistema se encontra apto para o agendamento das refei\u00e7\u00f5es desde as 17:30 do dia 20\/09. Agendamentos com prazos especiais: Caf\u00e9 [&hellip;]<\/p>\n","protected":false},"author":5813,"featured_media":0,"comment_status":"closed","ping_status":"closed","sticky":false,"template":"","format":"standard","meta":{"footnotes":""},"categories":[1],"tags":[],"class_list":["post-575","post","type-post","status-publish","format-standard","hentry","category-noticias"],"acf":[],"_links":{"self":[{"href":"https:\/\/www.ufsm.br\/orgaos-suplementares\/ru\/wp-json\/wp\/v2\/posts\/575","targetHints":{"allow":["GET"]}}],"collection":[{"href":"https:\/\/www.ufsm.br\/orgaos-suplementares\/ru\/wp-json\/wp\/v2\/posts"}],"about":[{"href":"https:\/\/www.ufsm.br\/orgaos-suplementares\/ru\/wp-json\/wp\/v2\/types\/post"}],"author":[{"embeddable":true,"href":"https:\/\/www.ufsm.br\/orgaos-suplementares\/ru\/wp-json\/wp\/v2\/users\/5813"}],"replies":[{"embeddable":true,"href":"https:\/\/www.ufsm.br\/orgaos-suplementares\/ru\/wp-json\/wp\/v2\/comments?post=575"}],"version-history":[{"count":0,"href":"https:\/\/www.ufsm.br\/orgaos-suplementares\/ru\/wp-json\/wp\/v2\/posts\/575\/revisions"}],"wp:attachment":[{"href":"https:\/\/www.ufsm.br\/orgaos-suplementares\/ru\/wp-json\/wp\/v2\/media?parent=575"}],"wp:term":[{"taxonomy":"category","embeddable":true,"href":"https:\/\/www.ufsm.br\/orgaos-suplementares\/ru\/wp-json\/wp\/v2\/categories?post=575"},{"taxonomy":"post_tag","embeddable":true,"href":"https:\/\/www.ufsm.br\/orgaos-suplementares\/ru\/wp-json\/wp\/v2\/tags?post=575"}],"curies":[{"name":"wp","href":"https:\/\/api.w.org\/{rel}","templated":true}]}}