{"id":576,"date":"2022-09-21T15:33:47","date_gmt":"2022-09-21T18:33:47","guid":{"rendered":"https:\/\/www.ufsm.br\/orgaos-suplementares\/ru\/?p=576"},"modified":"2022-09-21T15:39:43","modified_gmt":"2022-09-21T18:39:43","slug":"cqvs-com-voce-no-ru","status":"publish","type":"post","link":"https:\/\/www.ufsm.br\/orgaos-suplementares\/ru\/2022\/09\/21\/cqvs-com-voce-no-ru","title":{"rendered":"CQVS com voc\u00ea no RU"},"content":{"rendered":"\n\n\n<p style=\"text-align: justify\">O Restaurante Universit\u00e1rio acolheu o projeto \u201cCQVS com voc\u00ea\u201d, na ter\u00e7a-feira, 06 de setembro, no RU Campus II. A a\u00e7\u00e3o teve o objetivo de promover movimentos de reflex\u00e3o, integra\u00e7\u00e3o e escuta, direcionados especialmente para os servidores da Universidade Federal de Santa Maria.<\/p>\n<p style=\"text-align: justify\">A atividade contou com a presen\u00e7a do Prof. Luciano Schuch, Reitor, Profa. Martha Adaime, vice-reitora, Profa. Gisele Guimar\u00e3es, Pr\u00f3-Reitora de Assuntos Estudantis, Prof. Daniel Coronel, Pr\u00f3-Reitor de Gest\u00e3o de Pessoas e equipe da Coordenadoria de Sa\u00fade e Qualidade de Vida do Servidor (<em>CQVS<\/em>), representada pela Coordenadora Cassiana Marques.\u00a0<\/p>\n<p>\u00a0<\/p>\n<p style=\"text-align: center\"><img fetchpriority=\"high\" decoding=\"async\" class=\"wp-image-579 aligncenter\" src=\"https:\/\/www.ufsm.br\/app\/uploads\/sites\/398\/2022\/09\/WhatsApp-Image-2022-09-06-at-09.15.22-2-300x205.jpeg\" alt=\"\" width=\"428\" height=\"292\" srcset=\"https:\/\/www.ufsm.br\/app\/uploads\/sites\/398\/2022\/09\/WhatsApp-Image-2022-09-06-at-09.15.22-2-300x205.jpeg 300w, https:\/\/www.ufsm.br\/app\/uploads\/sites\/398\/2022\/09\/WhatsApp-Image-2022-09-06-at-09.15.22-2-1024x700.jpeg 1024w, https:\/\/www.ufsm.br\/app\/uploads\/sites\/398\/2022\/09\/WhatsApp-Image-2022-09-06-at-09.15.22-2-768x525.jpeg 768w, https:\/\/www.ufsm.br\/app\/uploads\/sites\/398\/2022\/09\/WhatsApp-Image-2022-09-06-at-09.15.22-2-1536x1050.jpeg 1536w, https:\/\/www.ufsm.br\/app\/uploads\/sites\/398\/2022\/09\/WhatsApp-Image-2022-09-06-at-09.15.22-2.jpeg 1600w\" sizes=\"(max-width: 428px) 100vw, 428px\" \/><\/p>\n<p style=\"text-align: center\">\u00a0<\/p>\n\n\n","protected":false},"excerpt":{"rendered":"<p>O Restaurante Universit\u00e1rio acolheu o projeto \u201cCQVS com voc\u00ea\u201d, na ter\u00e7a-feira, 06 de setembro, no RU Campus II. A a\u00e7\u00e3o teve o objetivo de promover movimentos de reflex\u00e3o, integra\u00e7\u00e3o e escuta, direcionados especialmente para os servidores da Universidade Federal de Santa Maria. A atividade contou com a presen\u00e7a do Prof. Luciano Schuch, Reitor, Profa. Martha [&hellip;]<\/p>\n","protected":false},"author":5813,"featured_media":0,"comment_status":"closed","ping_status":"closed","sticky":false,"template":"","format":"standard","meta":{"footnotes":""},"categories":[1],"tags":[],"class_list":["post-576","post","type-post","status-publish","format-standard","hentry","category-noticias"],"acf":[],"_links":{"self":[{"href":"https:\/\/www.ufsm.br\/orgaos-suplementares\/ru\/wp-json\/wp\/v2\/posts\/576","targetHints":{"allow":["GET"]}}],"collection":[{"href":"https:\/\/www.ufsm.br\/orgaos-suplementares\/ru\/wp-json\/wp\/v2\/posts"}],"about":[{"href":"https:\/\/www.ufsm.br\/orgaos-suplementares\/ru\/wp-json\/wp\/v2\/types\/post"}],"author":[{"embeddable":true,"href":"https:\/\/www.ufsm.br\/orgaos-suplementares\/ru\/wp-json\/wp\/v2\/users\/5813"}],"replies":[{"embeddable":true,"href":"https:\/\/www.ufsm.br\/orgaos-suplementares\/ru\/wp-json\/wp\/v2\/comments?post=576"}],"version-history":[{"count":0,"href":"https:\/\/www.ufsm.br\/orgaos-suplementares\/ru\/wp-json\/wp\/v2\/posts\/576\/revisions"}],"wp:attachment":[{"href":"https:\/\/www.ufsm.br\/orgaos-suplementares\/ru\/wp-json\/wp\/v2\/media?parent=576"}],"wp:term":[{"taxonomy":"category","embeddable":true,"href":"https:\/\/www.ufsm.br\/orgaos-suplementares\/ru\/wp-json\/wp\/v2\/categories?post=576"},{"taxonomy":"post_tag","embeddable":true,"href":"https:\/\/www.ufsm.br\/orgaos-suplementares\/ru\/wp-json\/wp\/v2\/tags?post=576"}],"curies":[{"name":"wp","href":"https:\/\/api.w.org\/{rel}","templated":true}]}}