{"id":584,"date":"2022-10-03T09:52:35","date_gmt":"2022-10-03T12:52:35","guid":{"rendered":"https:\/\/www.ufsm.br\/orgaos-suplementares\/ru\/?p=584"},"modified":"2022-10-03T09:52:36","modified_gmt":"2022-10-03T12:52:36","slug":"fornecimento-de-refeicoes-em-outubro-dias-nao-letivos","status":"publish","type":"post","link":"https:\/\/www.ufsm.br\/orgaos-suplementares\/ru\/2022\/10\/03\/fornecimento-de-refeicoes-em-outubro-dias-nao-letivos","title":{"rendered":"Fornecimento de refei\u00e7\u00f5es em Outubro: dias n\u00e3o letivos."},"content":{"rendered":"\n<p>\u00a0<\/p>\n<p>O Restaurante Universit\u00e1rio (RU) informa sobre o fornecimento de refei\u00e7\u00f5es no feriado do dia 12 de outubro e nos dias 28 e 29 do mesmo m\u00eas. Atente-se aos prazos!<\/p>\n<p>\u00a0<\/p>\n<table style=\"border-collapse: collapse;width: 99.3082%;height: 315px\">\n<tbody>\n<tr>\n<td style=\"width: 100%\">\n<p>Dia 12 de outubro (quarta-feira, feriado de Nossa Senhora Aparecida): n\u00e3o haver\u00e1 fornecimento de refei\u00e7\u00f5es nos RUs sendo fornecidos Kits de Distribui\u00e7\u00e3o (referente ao dia 12 de outubro) aos moradores da Casa do Estudante, no dia 11 de outubro das 15:45 as 17:00h.<\/p>\n<p>Agendamento obrigat\u00f3rio:<img decoding=\"async\" class=\" wp-image-585 alignright\" src=\"https:\/\/www.ufsm.br\/app\/uploads\/sites\/398\/2022\/10\/agenda-g484037738_640-298x300.png\" alt=\"\" width=\"165\" height=\"166\" srcset=\"https:\/\/www.ufsm.br\/app\/uploads\/sites\/398\/2022\/10\/agenda-g484037738_640-298x300.png 298w, https:\/\/www.ufsm.br\/app\/uploads\/sites\/398\/2022\/10\/agenda-g484037738_640-150x150.png 150w, https:\/\/www.ufsm.br\/app\/uploads\/sites\/398\/2022\/10\/agenda-g484037738_640.png 636w\" sizes=\"(max-width: 165px) 100vw, 165px\" \/><\/p>\n<p>In\u00edcio \u2013 dia 08 de outubro;<\/p>\n<p>Encerramento: dia 10 de outubro as 11:00h.<\/p>\n<p>Dia 13 de outubro, fornecimento normal de refei\u00e7\u00f5es nos Refeit\u00f3rios dos RUs.<\/p>\n<\/td>\n<\/tr>\n<\/tbody>\n<\/table>\n<p>\u00a0<\/p>\n<table style=\"border-collapse: collapse;width: 100%\">\n<tbody>\n<tr>\n<td style=\"width: 100%\">\n<p>Dias 28 e 29 de outubro (sexta-feira e s\u00e1bado, dias n\u00e3o letivos com suspens\u00e3o das atividades administrativas): n\u00e3o haver\u00e1 fornecimento de refei\u00e7\u00f5es nos RUs sendo fornecidos Kits de Distribui\u00e7\u00e3o (referente aos dias 28, 29 e 30 de outubro) aos moradores da Casa do Estudante no dia 27 de outubro das 15:45 as 17:00h.<\/p>\n<p>Agendamento obrigat\u00f3rio:<img decoding=\"async\" class=\" wp-image-585 alignright\" src=\"https:\/\/www.ufsm.br\/app\/uploads\/sites\/398\/2022\/10\/agenda-g484037738_640-298x300.png\" alt=\"\" width=\"170\" height=\"171\" srcset=\"https:\/\/www.ufsm.br\/app\/uploads\/sites\/398\/2022\/10\/agenda-g484037738_640-298x300.png 298w, https:\/\/www.ufsm.br\/app\/uploads\/sites\/398\/2022\/10\/agenda-g484037738_640-150x150.png 150w, https:\/\/www.ufsm.br\/app\/uploads\/sites\/398\/2022\/10\/agenda-g484037738_640.png 636w\" sizes=\"(max-width: 170px) 100vw, 170px\" \/><\/p>\n<p>In\u00edcio \u2013 dia 25 de outubro;<\/p>\n<p>Encerramento: dia 26 de outubro as 11:00h.<\/p>\n<p>Dia 31 de outubro, fornecimento normal de refei\u00e7\u00f5es nos Refeit\u00f3rios dos RUs.<\/p>\n<\/td>\n<\/tr>\n<\/tbody>\n<\/table>\n<p>\u00a0<\/p>\n<p>Refor\u00e7amos que:<\/p>\n<ul>\n<li>O Kit de Distribui\u00e7\u00e3o \u00e9 fornecido apenas aos residentes na Casa do Estudante com BSE ativo;<\/li>\n<li>A retirada de Kits por terceiros, \u00e9 autorizada apenas com a comprova\u00e7\u00e3o pr\u00e9via de desenvolvimento de atividade acad\u00eamica durante o hor\u00e1rio da entrega.<\/li>\n<\/ul>\n<p>Mais informa\u00e7\u00f5es na secretaria do RU, pelo fone (55) 3220-8405 ou ainda pelo e-mail <a href=\"mailto:secretaria.ru@ufsm.br\">secretaria.ru@ufsm.br<\/a><\/p>\n<p>\u00a0<\/p>\n<p>Texto: Rodrigo Cavalheiro (Secretaria\/RU)<\/p>\n","protected":false},"excerpt":{"rendered":"<p>\u00a0 O Restaurante Universit\u00e1rio (RU) informa sobre o fornecimento de refei\u00e7\u00f5es no feriado do dia 12 de outubro e nos dias 28 e 29 do mesmo m\u00eas. Atente-se aos prazos! \u00a0 Dia 12 de outubro (quarta-feira, feriado de Nossa Senhora Aparecida): n\u00e3o haver\u00e1 fornecimento de refei\u00e7\u00f5es nos RUs sendo fornecidos Kits de Distribui\u00e7\u00e3o (referente ao [&hellip;]<\/p>\n","protected":false},"author":5814,"featured_media":0,"comment_status":"closed","ping_status":"closed","sticky":false,"template":"","format":"standard","meta":{"footnotes":""},"categories":[1],"tags":[],"class_list":["post-584","post","type-post","status-publish","format-standard","hentry","category-noticias"],"acf":[],"_links":{"self":[{"href":"https:\/\/www.ufsm.br\/orgaos-suplementares\/ru\/wp-json\/wp\/v2\/posts\/584","targetHints":{"allow":["GET"]}}],"collection":[{"href":"https:\/\/www.ufsm.br\/orgaos-suplementares\/ru\/wp-json\/wp\/v2\/posts"}],"about":[{"href":"https:\/\/www.ufsm.br\/orgaos-suplementares\/ru\/wp-json\/wp\/v2\/types\/post"}],"author":[{"embeddable":true,"href":"https:\/\/www.ufsm.br\/orgaos-suplementares\/ru\/wp-json\/wp\/v2\/users\/5814"}],"replies":[{"embeddable":true,"href":"https:\/\/www.ufsm.br\/orgaos-suplementares\/ru\/wp-json\/wp\/v2\/comments?post=584"}],"version-history":[{"count":0,"href":"https:\/\/www.ufsm.br\/orgaos-suplementares\/ru\/wp-json\/wp\/v2\/posts\/584\/revisions"}],"wp:attachment":[{"href":"https:\/\/www.ufsm.br\/orgaos-suplementares\/ru\/wp-json\/wp\/v2\/media?parent=584"}],"wp:term":[{"taxonomy":"category","embeddable":true,"href":"https:\/\/www.ufsm.br\/orgaos-suplementares\/ru\/wp-json\/wp\/v2\/categories?post=584"},{"taxonomy":"post_tag","embeddable":true,"href":"https:\/\/www.ufsm.br\/orgaos-suplementares\/ru\/wp-json\/wp\/v2\/tags?post=584"}],"curies":[{"name":"wp","href":"https:\/\/api.w.org\/{rel}","templated":true}]}}